{"id":131418,"date":"2021-10-30T06:31:49","date_gmt":"2021-10-30T10:31:49","guid":{"rendered":"https:\/\/linitiative.ca\/International\/journee-de-protestation-annoncee-par-lintersyndicale\/"},"modified":"2021-10-30T06:31:49","modified_gmt":"2021-10-30T10:31:49","slug":"journee-de-protestation-annoncee-par-lintersyndicale","status":"publish","type":"post","link":"https:\/\/linitiative.ca\/International\/journee-de-protestation-annoncee-par-lintersyndicale\/","title":{"rendered":"Journ\u00e9e de protestation annonc\u00e9e par l\u2019intersyndicale"},"content":{"rendered":"<div>\n<div class=\"sriret\"><img decoding=\"async\" src=\"https:\/\/linitiative.ca\/International\/wp-content\/uploads\/sites\/23\/2021\/10\/default-picture-709x366_c-59.jpg\"><\/div>\n<p>L\u2019Intersyndicale du secteur de la sant\u00e9 annonce une journ\u00e9e de protestation, mercredi prochain, en signe de revendication de la prime de d\u00e9c\u00e8s pour les familles des praticiens victimes de la pand\u00e9mie, la couverture \u00e0 100% de l\u2019assurance totale pour le personnel de la sant\u00e9, le versement de la prime Covid-19 (5e et 6e tranches), la bonification des cotisations \u00e0 la retraite et la reconnaissance de la Covid-19 comme \u00abmaladie professionnelle\u00bb.<\/p>\n<p>Dans un communiqu\u00e9 rendu public jeudi, le Syndicat national des enseignants chercheurs hospitalo-universitaires (Snechu), le Syndicat national des praticiens de la sant\u00e9 (SNPSP) ainsi que le Syndicat national des param\u00e9dicaux (SAP) \u00abregrettent encore une fois de revenir \u00e0 la protestation comme seul moyen de communication\u00bb. Les r\u00e9dacteurs du communiqu\u00e9 mettent en avant l\u2019engagement du corps m\u00e9dical et param\u00e9dical dans la lutte anti-Covid, particuli\u00e8rement :\u00a0\u00ab\u2026 En rendant hommage aux personnels soignants qui se sont engag\u00e9s corps et \u00e2me pour faire face \u00e0 la pand\u00e9mie Covid-19, et tant bien que mal, nous avons pu passer le cap des deux premi\u00e8res vagues, puis la troisi\u00e8me encore plus meurtri\u00e8re, importante, emportant avec elle de nombreux citoyens\u2026 Nous pleurons encore la perte de nos personnels soignants.\u00bb<\/p>\n<p><strong>Retrouvez l\u2019int\u00e9gralit\u00e9 de nos articles sur la version papier<\/strong><\/p>\n<p>L\u2019article <a rel=\"nofollow\" href=\"https:\/\/www.elwatan.com\/edition\/actualite\/journee-de-protestation-annoncee-par-lintersyndicale-30-10-2021\">Journ\u00e9e de protestation annonc\u00e9e par l\u2019intersyndicale<\/a> est apparu en premier sur <a rel=\"nofollow\" href=\"https:\/\/www.elwatan.com\/\">El Watan<\/a>.<\/p>\n<\/div>\n<p>Auteur: Hicham Chouadria<br \/>\n<a href=\"https:\/\/www.elwatan.com\/edition\/actualite\/journee-de-protestation-annoncee-par-lintersyndicale-30-10-2021\">Cliquez ici pour lire l&rsquo;article depuis sa source.<\/a><\/p>\n","protected":false},"excerpt":{"rendered":"<p>L\u2019Intersyndicale du secteur de la sant\u00e9 annonce une journ\u00e9e de protestation, mercredi prochain, en signe de revendication de la prime de d\u00e9c\u00e8s pour les familles des praticiens victimes de la pand\u00e9mie, la couverture \u00e0 100% de l\u2019assurance totale pour le personnel de la sant\u00e9, le versement de la prime Covid-19 (5e et 6e tranches), la [&hellip;]<\/p>\n","protected":false},"author":1743,"featured_media":0,"comment_status":"closed","ping_status":"closed","sticky":false,"template":"","format":"standard","meta":{"fifu_image_url":"https:\/\/www.elwatan.com\/wp-content\/themes\/spectr\/img\/default-picture-709x366_c.jpg","fifu_image_alt":"Journ\u00e9e de protestation annonc\u00e9e par l\u2019intersyndicale","footnotes":""},"categories":[73,53],"tags":[],"class_list":["post-131418","post","type-post","status-publish","format-standard","hentry","category-actualite","category-algerie"],"_links":{"self":[{"href":"https:\/\/linitiative.ca\/International\/wp-json\/wp\/v2\/posts\/131418","targetHints":{"allow":["GET"]}}],"collection":[{"href":"https:\/\/linitiative.ca\/International\/wp-json\/wp\/v2\/posts"}],"about":[{"href":"https:\/\/linitiative.ca\/International\/wp-json\/wp\/v2\/types\/post"}],"author":[{"embeddable":true,"href":"https:\/\/linitiative.ca\/International\/wp-json\/wp\/v2\/users\/1743"}],"replies":[{"embeddable":true,"href":"https:\/\/linitiative.ca\/International\/wp-json\/wp\/v2\/comments?post=131418"}],"version-history":[{"count":0,"href":"https:\/\/linitiative.ca\/International\/wp-json\/wp\/v2\/posts\/131418\/revisions"}],"wp:attachment":[{"href":"https:\/\/linitiative.ca\/International\/wp-json\/wp\/v2\/media?parent=131418"}],"wp:term":[{"taxonomy":"category","embeddable":true,"href":"https:\/\/linitiative.ca\/International\/wp-json\/wp\/v2\/categories?post=131418"},{"taxonomy":"post_tag","embeddable":true,"href":"https:\/\/linitiative.ca\/International\/wp-json\/wp\/v2\/tags?post=131418"}],"curies":[{"name":"wp","href":"https:\/\/api.w.org\/{rel}","templated":true}]}}