{"id":13142,"date":"2019-02-11T15:16:37","date_gmt":"2019-02-11T20:16:37","guid":{"rendered":"https:\/\/linitiative.ca\/International\/tunisie-audio-fourati-le-proprietaire-de-lecole-coranique-du-regueb-est-associe-dans-de-nombreuses-societes\/"},"modified":"2019-02-11T15:16:37","modified_gmt":"2019-02-11T20:16:37","slug":"tunisie-audio-fourati-le-proprietaire-de-lecole-coranique-du-regueb-est-associe-dans-de-nombreuses-societes","status":"publish","type":"post","link":"https:\/\/linitiative.ca\/International\/tunisie-audio-fourati-le-proprietaire-de-lecole-coranique-du-regueb-est-associe-dans-de-nombreuses-societes\/","title":{"rendered":"Tunisie \u2013 AUDIO\u00a0: Fourati\u00a0: Le propri\u00e9taire de l\u2019\u00e9cole coranique du Regueb est associ\u00e9 dans de nombreuses soci\u00e9t\u00e9s"},"content":{"rendered":"<div class=\"post-cont-in left relative\">\n<div class=\"nc_socialPanel swp_flatFresh swp_d_fullColor swp_i_fullColor swp_o_fullColor scale-100 scale-fullWidth\" data-position=\"none\" data-float=\"floatNone\" data-count=\"5\" data-floatcolor=\"#ffffff\" data-emphasize=\"0\">\n<div class=\"nc_tweetContainer totes totesalt\" data-id=\"6\"><span class=\"swp_count\"><span class=\"swp_label\">Partages<\/span> 3<\/span><\/div>\n<\/div>\n<p>Le ministre de l\u2019int\u00e9rieur Hichem Fourati a annonc\u00e9, ce lundi, lors de son audition \u00e0 l\u2019ARP, que Farouk Zeribi est connu, ainsi que son p\u00e8re, comme \u00e9tant les plus \u00e9minents leaders d\u2019une association islamiste \u00ab\u00a0Adda\u00e2wa wattabligh\u00a0\u00bb.<\/p>\n<p>Il a ajout\u00e9 que Farouk a \u00e9tudi\u00e9 au Pakistan, puis en Afrique du Sud, avant de retourner au pays, d\u2019y fonder cette \u00e9cole, et d\u2019y cr\u00e9er plusieurs entreprises commerciales et autres, notamment dans les pi\u00e8ces d\u00e9tach\u00e9es des automobiles, de l\u2019agroalimentaire et des m\u00e9dicaments. Et ce, en association avec de riches hommes d\u2019affaires \u00e9trangers.<\/p>\n<div class=\"code-block code-block-1 c3\"><ins class=\"adsbygoogle c2\" data-ad-layout=\"in-article\" data-ad-format=\"fluid\" data-ad-client=\"ca-pub-2102118777505746\" data-ad-slot=\"7301775417\"\/> <\/div>\n<p>Fourati a ajout\u00e9 que l\u2019int\u00e9ress\u00e9 est mari\u00e9 \u00e0 deux tunisiennes, dont l\u2019une, par un contrat ill\u00e9gal.<\/p>\n<p><a href=\"https:\/\/www.tunisienumerique.com\/wp-content\/uploads\/2019\/02\/Hichem-Fourati.mp3\">https:\/\/www.tunisienumerique.com\/wp-content\/uploads\/2019\/02\/Hichem-Fourati.mp3<\/a><\/p>\n<div class=\"mvp-org-wrap mvp-org-logo\" itemprop=\"publisher\" itemscope=\"\" itemtype=\"https:\/\/schema.org\/Organization\"><img decoding=\"async\" src=\"https:\/\/www.tunisienumerique.com\/wp-content\/uploads\/2017\/02\/logo_tunisie_numerique.png\"\/><\/div>\n<div class=\"nc_socialPanel swp_flatFresh swp_d_fullColor swp_i_fullColor swp_o_fullColor scale-100 scale-fullWidth\" data-position=\"none\" data-float=\"floatNone\" data-count=\"5\" data-floatcolor=\"#ffffff\" data-emphasize=\"0\">\n<div class=\"nc_tweetContainer totes totesalt\" data-id=\"6\"><span class=\"swp_count\"><span class=\"swp_label\">Partages<\/span> 3<\/span><\/div>\n<\/div>\n<div class=\"mvp-related-posts left relative\">\n<h4 class=\"post-header\"><span class=\"post-header\">Lire aussi<\/span><\/h4>\n<\/div>\n<\/div>\n","protected":false},"excerpt":{"rendered":"<p>Partages 3 Le ministre de l\u2019int\u00e9rieur Hichem Fourati a annonc\u00e9, ce lundi, lors de son audition \u00e0 l\u2019ARP, que Farouk Zeribi est connu, ainsi que son p\u00e8re, comme \u00e9tant les plus \u00e9minents leaders d\u2019une association islamiste \u00ab\u00a0Adda\u00e2wa wattabligh\u00a0\u00bb. Il a ajout\u00e9 que Farouk a \u00e9tudi\u00e9 au Pakistan, puis en Afrique du Sud, avant de retourner [&hellip;]<\/p>\n","protected":false},"author":1789,"featured_media":13143,"comment_status":"closed","ping_status":"closed","sticky":false,"template":"","format":"standard","meta":{"fifu_image_url":"","fifu_image_alt":"","footnotes":""},"categories":[73,55],"tags":[],"class_list":["post-13142","post","type-post","status-publish","format-standard","has-post-thumbnail","hentry","category-actualite","category-tunisie"],"_links":{"self":[{"href":"https:\/\/linitiative.ca\/International\/wp-json\/wp\/v2\/posts\/13142","targetHints":{"allow":["GET"]}}],"collection":[{"href":"https:\/\/linitiative.ca\/International\/wp-json\/wp\/v2\/posts"}],"about":[{"href":"https:\/\/linitiative.ca\/International\/wp-json\/wp\/v2\/types\/post"}],"author":[{"embeddable":true,"href":"https:\/\/linitiative.ca\/International\/wp-json\/wp\/v2\/users\/1789"}],"replies":[{"embeddable":true,"href":"https:\/\/linitiative.ca\/International\/wp-json\/wp\/v2\/comments?post=13142"}],"version-history":[{"count":0,"href":"https:\/\/linitiative.ca\/International\/wp-json\/wp\/v2\/posts\/13142\/revisions"}],"wp:featuredmedia":[{"embeddable":true,"href":"https:\/\/linitiative.ca\/International\/wp-json\/"}],"wp:attachment":[{"href":"https:\/\/linitiative.ca\/International\/wp-json\/wp\/v2\/media?parent=13142"}],"wp:term":[{"taxonomy":"category","embeddable":true,"href":"https:\/\/linitiative.ca\/International\/wp-json\/wp\/v2\/categories?post=13142"},{"taxonomy":"post_tag","embeddable":true,"href":"https:\/\/linitiative.ca\/International\/wp-json\/wp\/v2\/tags?post=13142"}],"curies":[{"name":"wp","href":"https:\/\/api.w.org\/{rel}","templated":true}]}}