{"id":131420,"date":"2021-10-30T06:32:45","date_gmt":"2021-10-30T10:32:45","guid":{"rendered":"https:\/\/linitiative.ca\/International\/recul-de-la-campagne-de-vaccination\/"},"modified":"2021-10-30T06:32:45","modified_gmt":"2021-10-30T10:32:45","slug":"recul-de-la-campagne-de-vaccination","status":"publish","type":"post","link":"https:\/\/linitiative.ca\/International\/recul-de-la-campagne-de-vaccination\/","title":{"rendered":"Recul de la campagne de vaccination"},"content":{"rendered":"<div>\n<div class=\"sriret\"><img decoding=\"async\" src=\"https:\/\/linitiative.ca\/International\/wp-content\/uploads\/sites\/23\/2021\/10\/default-picture-709x366_c-60.jpg\"><\/div>\n<p>Dans une instruction adress\u00e9e, mercredi 27 octobre, aux directeurs de la sant\u00e9 et aux chefs des \u00e9tablissements hospitaliers, la direction g\u00e9n\u00e9rale de la pr\u00e9vention instruit les responsables afin de se pr\u00e9parer \u00e0 lancer la vaccination de rappel pour les personnes ayant re\u00e7u 2 doses du vaccin depuis au moins 6 mois.<\/p>\n<p>Deux jours avant, le ministre de la Sant\u00e9, Abderrahmane Benbouzid, a invit\u00e9 tous les Alg\u00e9riens vaccin\u00e9s \u00e0 faire le rappel de la vaccination anti-Covid-19 qui est n\u00e9cessaire, selon lui, en raison de la diminution de l\u2019immunit\u00e9 conf\u00e9r\u00e9e par les deux doses du vaccin, tout en regrettant la large r\u00e9ticence de la popualtion \u00e0 la vaccination. Peut-on ainsi renforcer la campagne nationale de vaccination avec un rappel sachant que le taux actuel de vaccination ne d\u00e9passe pas 10%, selon\u00a0 l\u2019OMS\u00a0?<\/p>\n<p><strong>Retrouvez l\u2019int\u00e9gralit\u00e9 de nos articles sur la version papier<\/strong><\/p>\n<p>L\u2019article <a rel=\"nofollow\" href=\"https:\/\/www.elwatan.com\/edition\/actualite\/recul-de-la-campagne-de-vaccination-30-10-2021\">Recul de la campagne de vaccination<\/a> est apparu en premier sur <a rel=\"nofollow\" href=\"https:\/\/www.elwatan.com\/\">El Watan<\/a>.<\/p>\n<\/div>\n<p>Auteur: Hicham Chouadria<br \/>\n<a href=\"https:\/\/www.elwatan.com\/edition\/actualite\/recul-de-la-campagne-de-vaccination-30-10-2021\">Cliquez ici pour lire l&rsquo;article depuis sa source.<\/a><\/p>\n","protected":false},"excerpt":{"rendered":"<p>Dans une instruction adress\u00e9e, mercredi 27 octobre, aux directeurs de la sant\u00e9 et aux chefs des \u00e9tablissements hospitaliers, la direction g\u00e9n\u00e9rale de la pr\u00e9vention instruit les responsables afin de se pr\u00e9parer \u00e0 lancer la vaccination de rappel pour les personnes ayant re\u00e7u 2 doses du vaccin depuis au moins 6 mois. Deux jours avant, le [&hellip;]<\/p>\n","protected":false},"author":1743,"featured_media":0,"comment_status":"closed","ping_status":"closed","sticky":false,"template":"","format":"standard","meta":{"fifu_image_url":"https:\/\/www.elwatan.com\/wp-content\/themes\/spectr\/img\/default-picture-709x366_c.jpg","fifu_image_alt":"Recul de la campagne de vaccination","footnotes":""},"categories":[73,53],"tags":[],"class_list":["post-131420","post","type-post","status-publish","format-standard","hentry","category-actualite","category-algerie"],"_links":{"self":[{"href":"https:\/\/linitiative.ca\/International\/wp-json\/wp\/v2\/posts\/131420","targetHints":{"allow":["GET"]}}],"collection":[{"href":"https:\/\/linitiative.ca\/International\/wp-json\/wp\/v2\/posts"}],"about":[{"href":"https:\/\/linitiative.ca\/International\/wp-json\/wp\/v2\/types\/post"}],"author":[{"embeddable":true,"href":"https:\/\/linitiative.ca\/International\/wp-json\/wp\/v2\/users\/1743"}],"replies":[{"embeddable":true,"href":"https:\/\/linitiative.ca\/International\/wp-json\/wp\/v2\/comments?post=131420"}],"version-history":[{"count":0,"href":"https:\/\/linitiative.ca\/International\/wp-json\/wp\/v2\/posts\/131420\/revisions"}],"wp:attachment":[{"href":"https:\/\/linitiative.ca\/International\/wp-json\/wp\/v2\/media?parent=131420"}],"wp:term":[{"taxonomy":"category","embeddable":true,"href":"https:\/\/linitiative.ca\/International\/wp-json\/wp\/v2\/categories?post=131420"},{"taxonomy":"post_tag","embeddable":true,"href":"https:\/\/linitiative.ca\/International\/wp-json\/wp\/v2\/tags?post=131420"}],"curies":[{"name":"wp","href":"https:\/\/api.w.org\/{rel}","templated":true}]}}