{"id":131445,"date":"2021-10-30T07:18:02","date_gmt":"2021-10-30T11:18:02","guid":{"rendered":"https:\/\/linitiative.ca\/International\/politique-sante-et-economie-au-menu-des-quotidiens-et-hebdomadaires-marocains\/"},"modified":"2021-10-30T07:18:02","modified_gmt":"2021-10-30T11:18:02","slug":"politique-sante-et-economie-au-menu-des-quotidiens-et-hebdomadaires-marocains","status":"publish","type":"post","link":"https:\/\/linitiative.ca\/International\/politique-sante-et-economie-au-menu-des-quotidiens-et-hebdomadaires-marocains\/","title":{"rendered":"Politique, sant\u00e9 et \u00e9conomie au menu des quotidiens et hebdomadaires marocains"},"content":{"rendered":"<div>\n<p><img loading=\"lazy\" decoding=\"async\" width=\"287\" height=\"176\" src=\"https:\/\/linitiative.ca\/International\/wp-content\/uploads\/sites\/23\/2021\/10\/16355926828060.jpg\" class=\"attachment-post-thumbnail size-post-thumbnail wp-post-image\" alt=\"\"><\/p>\n<p>La r\u00e9solution du Conseil de s\u00e9curit\u00e9 sur le Sahara, la campagne de vaccination, les d\u00e9veloppements sur la sc\u00e8ne politique nationale et les enjeux des investissements chinois au Maroc sont les principaux sujets trait\u00e9s par les quotidiens et hebdomadaires marocains parus ce samedi.+Le Matin+ rapporte que le Conseil de s\u00e9curit\u00e9 des Nations-Unies a d\u00e9cid\u00e9, vendredi, de proroger pour une ann\u00e9e le mandat de la MINURSO, tout en consacrant, une fois de plus, la pr\u00e9\u00e9minence de l&rsquo;initiative marocaine d&rsquo;autonomie pour r\u00e9soudre le conflit artificiel autour du Sahara marocain.<\/p>\n<p>Le Conseil de s\u00e9curit\u00e9 \u00ab\u00a0d\u00e9cide de proroger le mandat de la MINURSO jusqu&rsquo;au 31 octobre 2022\u00a0\u00bb, lit-on dans le texte de la r\u00e9solution pr\u00e9sent\u00e9e par les Etats-Unis. Dans ce texte, l&rsquo;instance ex\u00e9cutive des Nations-Unies a consacr\u00e9, encore une fois, la pr\u00e9\u00e9minence de l&rsquo;initiative d&rsquo;autonomie, pr\u00e9sent\u00e9e par le Maroc le 11 avril 2007, en se f\u00e9licitant des efforts \u00ab\u00a0s\u00e9rieux et cr\u00e9dibles\u00a0\u00bb du Royaume, refl\u00e9t\u00e9s dans la proposition marocaine.<\/p>\n<p>+Tel Quel+, qui s&rsquo;interroge : \u00ab Obliger ou inciter \u00e0 la vaccination ? \u00bb, \u00e9crit que 20 mois apr\u00e8s le d\u00e9but de la pand\u00e9mie, le Maroc sous Covid-19 se voit aujourd&rsquo;hui confront\u00e9 \u00e0 cette dualit\u00e9.<\/p>\n<p>En instaurant l&rsquo;obligation du pass vaccinal \u00e0 partir du 21 octobre, le gouvernement a d\u00e9cid\u00e9 de conditionner les d\u00e9placements entre villes et r\u00e9gions, ainsi que l&rsquo;acc\u00e8s aux diff\u00e9rents services publics et lieux non essentiels, \u00e0 la pr\u00e9sentation de ce document, qui atteste que l&rsquo;usager s&rsquo;est bien fait vacciner.<\/p>\n<p>\u00ab Le principe de pr\u00e9caution impose un all\u00e8gement des mesures restrictives pour les personnes vaccin\u00e9es, qui sont aujourd&rsquo;hui en majorit\u00e9 \u00bb, justifiait le ministre de la Sant\u00e9, Khalid Ait Taleb, devant la Chambre des repr\u00e9sentants. Une premi\u00e8re mesure aussi forte que soudaine. Reste que si la strat\u00e9gie s&rsquo;av\u00e8re payante de prime abord, la mesure se heurte d\u00e9j\u00e0 \u00e0 de nombreuses situations complexes, estime la publication.<\/p>\n<p>+Finances News Hebdo+ souligne que la ministre de l&rsquo;Economie et des Finances, Nadia Fettah Alaoui, a \u00ab r\u00e9ussi son premier test \u00bb, lors de son grand oral devant les parlementaires et en commission pour d\u00e9fendre la Loi de Finances 2022.<\/p>\n<p>Mais ceux qui s&rsquo;attendaient \u00e0 des annonces croustillantes \u00ab ont vite d\u00e9chant\u00e9 \u00bb, car elle \u00ab n&rsquo;a rien l\u00e2ch\u00e9 \u00bb, sauf une seule information, \u00e0 savoir que le grand emprunt national pr\u00e9vu par le Maroc n&rsquo;aura pas lieu en 2021, constate l&rsquo;hebdomadaire.<\/p>\n<p>\u00ab En 2022 alors ? L\u00e0, par contre, on ne peut \u00eatre formel. Il faut, nous dit-elle, que ce soit opportun pour l&rsquo;Etat et les \u00e9pargnants \u00bb, rapporte-t-il.<\/p>\n<p>+La Nouvelle Tribune+ \u00e9crit, de son c\u00f4t\u00e9, que \u00ab les premi\u00e8res manifestations de la politique politicienne se sont d\u00e9j\u00e0 produites \u00bb, quelques jours apr\u00e8s l&rsquo;investiture du gouvernement, et notamment dans \u00ab leur expression la plus classique \u00bb, les attaques ad hominem.<\/p>\n<p>\u00ab Certains groupes, qui n&rsquo;ont gu\u00e8re brill\u00e9 durant le pr\u00e9c\u00e9dent mandat parlementaire, cherchent d\u00e9j\u00e0 \u00e0 effacer ce bilan (&#8230;). Et manifestement, c&rsquo;est sur le terrain parlementaire que cette strat\u00e9gie a commenc\u00e9 de s&rsquo;appliquer \u00bb, constate le journal.<\/p>\n<p>Bien \u00e9videmment, c&rsquo;est la premi\u00e8re formation de la majorit\u00e9 qui fait les frais de ces \u00ab\u00a0offensives opportunistes\u00a0\u00bb, de la part de courants politiques qui \u00ab\u00a0semblent avoir tout oubli\u00e9\u00a0\u00bb et \u00ab\u00a0rien retenu\u00a0\u00bb de leurs r\u00e9centes exp\u00e9riences, estime-t-il.<\/p>\n<p>+Challenge+, qui s&rsquo;attarde sur les enjeux des investissements chinois au Maroc, \u00e9crit qu&rsquo;alors que certains pays devraient conna\u00eetre des taux de croissance record les ann\u00e9es \u00e0 venir gr\u00e2ce aux investissements chinois, qui visent la proximit\u00e9 avec l&rsquo;Europe et l&rsquo;Orient, le projet de Tanger Tech n&rsquo;est pas encore finalis\u00e9, soulignant la n\u00e9cessit\u00e9 de concevoir \u00ab\u00a0une politique beaucoup plus prospective, beaucoup plus active\u00a0\u00bb.<\/p>\n<p>\u00ab Nous sommes \u00e0 14 kilom\u00e8tres de l&rsquo;Europe, un hub pour l&rsquo;Afrique, o\u00f9 la Chine est d\u00e9j\u00e0 pr\u00e9sente. Nous sommes concurrentiels pour recevoir les investissements chinois, mais il faut aller les chercher et c&rsquo;est le r\u00f4le des d\u00e9cideurs \u00bb, estime-t-il.<\/p>\n<p>Cet article <a rel=\"nofollow\" href=\"https:\/\/www.journalducameroun.com\/politique-sante-et-economie-au-menu-des-quotidiens-et-hebdomadaires-marocains\/\">Politique, sant\u00e9 et \u00e9conomie au menu des quotidiens et hebdomadaires marocains<\/a> est apparu en premier sur <a rel=\"nofollow\" href=\"https:\/\/www.journalducameroun.com\/\">Journal du Cameroun<\/a>.<\/p>\n<\/div>\n<p>Auteur: APA News<br \/>\n<a href=\"https:\/\/www.journalducameroun.com\/politique-sante-et-economie-au-menu-des-quotidiens-et-hebdomadaires-marocains\/\">Cliquez ici pour lire l&rsquo;article depuis sa source.<\/a><\/p>\n","protected":false},"excerpt":{"rendered":"<p>La r\u00e9solution du Conseil de s\u00e9curit\u00e9 sur le Sahara, la campagne de vaccination, les d\u00e9veloppements sur la sc\u00e8ne politique nationale et les enjeux des investissements chinois au Maroc sont les principaux sujets trait\u00e9s par les quotidiens et hebdomadaires marocains parus ce samedi.+Le Matin+ rapporte que le Conseil de s\u00e9curit\u00e9 des Nations-Unies a d\u00e9cid\u00e9, vendredi, de [&hellip;]<\/p>\n","protected":false},"author":1965,"featured_media":0,"comment_status":"closed","ping_status":"closed","sticky":false,"template":"","format":"standard","meta":{"fifu_image_url":"https:\/\/www.journalducameroun.com\/wp-content\/uploads\/2021\/10\/16355926828060.jpg","fifu_image_alt":"Politique, sant\u00e9 et \u00e9conomie au menu des quotidiens et hebdomadaires marocains","footnotes":""},"categories":[73,82],"tags":[],"class_list":["post-131445","post","type-post","status-publish","format-standard","hentry","category-actualite","category-cameroun"],"_links":{"self":[{"href":"https:\/\/linitiative.ca\/International\/wp-json\/wp\/v2\/posts\/131445","targetHints":{"allow":["GET"]}}],"collection":[{"href":"https:\/\/linitiative.ca\/International\/wp-json\/wp\/v2\/posts"}],"about":[{"href":"https:\/\/linitiative.ca\/International\/wp-json\/wp\/v2\/types\/post"}],"author":[{"embeddable":true,"href":"https:\/\/linitiative.ca\/International\/wp-json\/wp\/v2\/users\/1965"}],"replies":[{"embeddable":true,"href":"https:\/\/linitiative.ca\/International\/wp-json\/wp\/v2\/comments?post=131445"}],"version-history":[{"count":0,"href":"https:\/\/linitiative.ca\/International\/wp-json\/wp\/v2\/posts\/131445\/revisions"}],"wp:attachment":[{"href":"https:\/\/linitiative.ca\/International\/wp-json\/wp\/v2\/media?parent=131445"}],"wp:term":[{"taxonomy":"category","embeddable":true,"href":"https:\/\/linitiative.ca\/International\/wp-json\/wp\/v2\/categories?post=131445"},{"taxonomy":"post_tag","embeddable":true,"href":"https:\/\/linitiative.ca\/International\/wp-json\/wp\/v2\/tags?post=131445"}],"curies":[{"name":"wp","href":"https:\/\/api.w.org\/{rel}","templated":true}]}}