{"id":131484,"date":"2021-10-31T09:20:59","date_gmt":"2021-10-31T13:20:59","guid":{"rendered":"https:\/\/linitiative.ca\/International\/le-maroc-est-passe-au-niveau-vert-grace-a-lamelioration-de-la-situation\/"},"modified":"2021-10-31T09:20:59","modified_gmt":"2021-10-31T13:20:59","slug":"le-maroc-est-passe-au-niveau-vert-grace-a-lamelioration-de-la-situation","status":"publish","type":"post","link":"https:\/\/linitiative.ca\/International\/le-maroc-est-passe-au-niveau-vert-grace-a-lamelioration-de-la-situation\/","title":{"rendered":"Le Maroc est pass\u00e9 au niveau vert gr\u00e2ce \u00e0 l\u2019am\u00e9lioration de la situation"},"content":{"rendered":"<div>\n<p class=\"has-text-align-center has-vivid-red-color has-text-color\"><strong>Ait Taleb et le Covid-19<\/strong><\/p>\n<p class=\"has-vivid-cyan-blue-color has-text-color\"><strong>Le Maroc est pass\u00e9 au niveau vert gr\u00e2ce \u00e0 la grande am\u00e9lioration de la situation \u00e9pid\u00e9miologique li\u00e9e \u00e0 la Covid-19, a indiqu\u00e9 le ministre de la Sant\u00e9 et de la protection sociale, Khalid Ait Taleb.<\/strong><\/p>\n<p>Lors d\u2019un expos\u00e9 pr\u00e9sent\u00e9 devant le conseil de gouvernement, r\u00e9uni jeudi, le ministre s\u2019est f\u00e9licit\u00e9 de la nette am\u00e9lioration des indicateurs \u00e9pid\u00e9miologiques, ce qui a permis au Royaume de passer au niveau vert de transmission, a indiqu\u00e9 un communiqu\u00e9 du minist\u00e8re d\u00e9l\u00e9gu\u00e9 aupr\u00e8s du Chef du gouvernement, charg\u00e9 des Relations avec le parlement.<\/p>\n<p>Dans ce sens, M. Ait Taleb a soulign\u00e9 que dans le cadre de cette am\u00e9lioration palpable, la campagne nationale de vaccination se poursuit dans un climat marqu\u00e9 par l\u2019adh\u00e9sion des citoyens \u00e0 l\u2019approche pr\u00e9ventive bas\u00e9e sur l\u2019adoption du \u00ab\u00a0pass vaccinal\u00a0\u00bb pour les d\u00e9placements et l\u2019acc\u00e8s aux lieux publics, a ajout\u00e9 le communiqu\u00e9.<\/p>\n<p>Le nombre de personnes ayant b\u00e9n\u00e9fici\u00e9 d\u2019au moins une dose s\u2019est \u00e9lev\u00e9 \u00e0 24.053.942, soit plus de 64% de la population, alors que 21.835.545 ont re\u00e7u les deux doses, soit plus de 57,6% des Marocains, a pr\u00e9cis\u00e9 le ministre, ajoutant que 1.263.441 personnes se sont vu administrer une troisi\u00e8me dose de rappel.<\/p>\n<p>M. Ait Taleb a, par ailleurs, appel\u00e9 \u00e0 davantage de vigilance et de respect des mesures pr\u00e9ventives, faisant constater que malgr\u00e9 l\u2019am\u00e9lioration enregistr\u00e9e, le Maroc n\u2019est pas \u00e0 l\u2019abri d\u2019une nouvelle vague due \u00e0 la flamb\u00e9e des cas de contamination dans plusieurs pays du monde suite \u00e0 l\u2019apparition d\u2019un nouveau variant.<\/p>\n<p>Il a, dans ce sens, appel\u00e9 \u00e0 pr\u00e9server les acquis r\u00e9alis\u00e9s par le Royaume \u00e0 travers le maintien de la vigilance et l\u2019observation stricte des mesures pr\u00e9ventives, notamment celles d\u00e9cr\u00e9t\u00e9es par les autorit\u00e9s, qui sont en train d\u2019\u00eatre all\u00e9g\u00e9es progressivement, parall\u00e8lement \u00e0 l\u2019avancement de la campagne de vaccination, en vue d\u2019atteindre l\u2019immunit\u00e9 collective souhait\u00e9e.<\/p>\n<p>L\u2019article <a rel=\"nofollow\" href=\"http:\/\/albayane.press.ma\/le-maroc-est-passe-au-niveau-vert-grace-a-lamelioration-de-la-situation.html\">Le Maroc est pass\u00e9 au niveau vert gr\u00e2ce \u00e0 l\u2019am\u00e9lioration de la situation<\/a> est apparu en premier sur <a rel=\"nofollow\" href=\"http:\/\/albayane.press.ma\/\">ALBAYANE<\/a>.<\/p>\n<\/div>\n<p>Auteur: M&rsquo;hammed rahal<br \/>\n<a href=\"http:\/\/albayane.press.ma\/le-maroc-est-passe-au-niveau-vert-grace-a-lamelioration-de-la-situation.html\">Cliquez ici pour lire l&rsquo;article depuis sa source.<\/a><\/p>\n","protected":false},"excerpt":{"rendered":"<p>Ait Taleb et le Covid-19 Le Maroc est pass\u00e9 au niveau vert gr\u00e2ce \u00e0 la grande am\u00e9lioration de la situation \u00e9pid\u00e9miologique li\u00e9e \u00e0 la Covid-19, a indiqu\u00e9 le ministre de la Sant\u00e9 et de la protection sociale, Khalid Ait Taleb. Lors d\u2019un expos\u00e9 pr\u00e9sent\u00e9 devant le conseil de gouvernement, r\u00e9uni jeudi, le ministre s\u2019est f\u00e9licit\u00e9 [&hellip;]<\/p>\n","protected":false},"author":1760,"featured_media":0,"comment_status":"closed","ping_status":"closed","sticky":false,"template":"","format":"standard","meta":{"fifu_image_url":"","fifu_image_alt":"","footnotes":""},"categories":[73,54],"tags":[],"class_list":["post-131484","post","type-post","status-publish","format-standard","hentry","category-actualite","category-maroc"],"_links":{"self":[{"href":"https:\/\/linitiative.ca\/International\/wp-json\/wp\/v2\/posts\/131484","targetHints":{"allow":["GET"]}}],"collection":[{"href":"https:\/\/linitiative.ca\/International\/wp-json\/wp\/v2\/posts"}],"about":[{"href":"https:\/\/linitiative.ca\/International\/wp-json\/wp\/v2\/types\/post"}],"author":[{"embeddable":true,"href":"https:\/\/linitiative.ca\/International\/wp-json\/wp\/v2\/users\/1760"}],"replies":[{"embeddable":true,"href":"https:\/\/linitiative.ca\/International\/wp-json\/wp\/v2\/comments?post=131484"}],"version-history":[{"count":0,"href":"https:\/\/linitiative.ca\/International\/wp-json\/wp\/v2\/posts\/131484\/revisions"}],"wp:attachment":[{"href":"https:\/\/linitiative.ca\/International\/wp-json\/wp\/v2\/media?parent=131484"}],"wp:term":[{"taxonomy":"category","embeddable":true,"href":"https:\/\/linitiative.ca\/International\/wp-json\/wp\/v2\/categories?post=131484"},{"taxonomy":"post_tag","embeddable":true,"href":"https:\/\/linitiative.ca\/International\/wp-json\/wp\/v2\/tags?post=131484"}],"curies":[{"name":"wp","href":"https:\/\/api.w.org\/{rel}","templated":true}]}}