{"id":131485,"date":"2021-10-31T09:26:08","date_gmt":"2021-10-31T13:26:08","guid":{"rendered":"https:\/\/linitiative.ca\/International\/le-veteran-rachid-lebchir-le-comble-deloges\/"},"modified":"2021-10-31T09:26:08","modified_gmt":"2021-10-31T13:26:08","slug":"le-veteran-rachid-lebchir-le-comble-deloges","status":"publish","type":"post","link":"https:\/\/linitiative.ca\/International\/le-veteran-rachid-lebchir-le-comble-deloges\/","title":{"rendered":"Le v\u00e9t\u00e9ran Rachid Lebchir le comble d\u2019\u00e9loges"},"content":{"rendered":"<div>\n<p class=\"has-text-align-center has-vivid-red-color has-text-color\">Karim Benammar, un jeune journaliste aux honneurs<\/p>\n<p class=\"has-text-align-right\"><strong>Saoudi El Amalki<\/strong><\/p>\n<p class=\"has-text-color\" style=\"color:#0663e5\"><strong>Il est des moments de haute \u00e9motion o\u00f9 l\u2019expression ren\u00e2cle pour faire parler le c\u0153ur\u00a0! La session du comit\u00e9 central du PPS, samedi dernier, fut, sans doute, un instant path\u00e9tique \u00e0 rendre un vibrant\u00a0 hommage aux jeunes qui ont d\u00e9croch\u00e9 un poste aux r\u00e9centes et \u00e2pres \u00e9lections de la mani\u00e8re \u00e9clatante.<\/strong><\/p>\n<p>A ce propos, on retiendra non sans r\u00e9jouissance, les propos \u00e9logieux de reconnaissance et de paternalisme, \u00e9mises si gracieusement par Rachid Lebchir, responsable de la page sportive d\u2019Al Bayane et membre du comit\u00e9 central du parti, en direction de Karim Benammar, jeune et flamboyant journaliste au m\u00eame quotidien lors de son fin mot \u00e0 la session du CC.<\/p>\n<p>Tout guilleret et fier de son \u00e9lection aux communales \u00e0 Tanger, face \u00e0 des barons coriaces de l\u2019\u00e9preuve \u00e9lectorale, le jeune talentueux prodige n\u2019est autre que le fils d\u2019Omar Salim, l\u2019embl\u00e9matique figure des m\u00e9dias marocain, au c\u00e9l\u00e8bre et habituel mot de d\u2019\u00e9mission\u00a0: \u00abSi vous le voulez bien\u00a0!\u00bb. L\u2019initiative affable de celui qui a roul\u00e9 sa bosse dans son\u00a0 parcours \u00e9loquent, est empreinte d\u2019affection et d\u2019enseignement envers les g\u00e9n\u00e9rations montantes du m\u00e9tier.<\/p>\n<p>Karim saura bien s\u2019en inspirer surtout qu\u2019il associe dor\u00e9navant\u00a0l\u2019action de la presse et celle des affaires publiques\u00a0! Il ne manquerait gu\u00e8re de mettre en exergue son talent pour les deux volets, tout en restant pieds sur terre et t\u00eate sur les \u00e9paules. Vogue le navire cher confr\u00e8re Karim et merci Lebchir pour ta belle prestance!<\/p>\n<p>L\u2019article <a rel=\"nofollow\" href=\"http:\/\/albayane.press.ma\/le-veteran-rachid-lebchir-le-comble-deloges.html\">Le v\u00e9t\u00e9ran Rachid Lebchir le comble d\u2019\u00e9loges<\/a> est apparu en premier sur <a rel=\"nofollow\" href=\"http:\/\/albayane.press.ma\/\">ALBAYANE<\/a>.<\/p>\n<\/div>\n<p>Auteur: M&rsquo;hammed rahal<br \/>\n<a href=\"http:\/\/albayane.press.ma\/le-veteran-rachid-lebchir-le-comble-deloges.html\">Cliquez ici pour lire l&rsquo;article depuis sa source.<\/a><\/p>\n","protected":false},"excerpt":{"rendered":"<p>Karim Benammar, un jeune journaliste aux honneurs Saoudi El Amalki Il est des moments de haute \u00e9motion o\u00f9 l\u2019expression ren\u00e2cle pour faire parler le c\u0153ur\u00a0! La session du comit\u00e9 central du PPS, samedi dernier, fut, sans doute, un instant path\u00e9tique \u00e0 rendre un vibrant\u00a0 hommage aux jeunes qui ont d\u00e9croch\u00e9 un poste aux r\u00e9centes et [&hellip;]<\/p>\n","protected":false},"author":1760,"featured_media":0,"comment_status":"closed","ping_status":"closed","sticky":false,"template":"","format":"standard","meta":{"fifu_image_url":"","fifu_image_alt":"","footnotes":""},"categories":[73,54],"tags":[],"class_list":["post-131485","post","type-post","status-publish","format-standard","hentry","category-actualite","category-maroc"],"_links":{"self":[{"href":"https:\/\/linitiative.ca\/International\/wp-json\/wp\/v2\/posts\/131485","targetHints":{"allow":["GET"]}}],"collection":[{"href":"https:\/\/linitiative.ca\/International\/wp-json\/wp\/v2\/posts"}],"about":[{"href":"https:\/\/linitiative.ca\/International\/wp-json\/wp\/v2\/types\/post"}],"author":[{"embeddable":true,"href":"https:\/\/linitiative.ca\/International\/wp-json\/wp\/v2\/users\/1760"}],"replies":[{"embeddable":true,"href":"https:\/\/linitiative.ca\/International\/wp-json\/wp\/v2\/comments?post=131485"}],"version-history":[{"count":0,"href":"https:\/\/linitiative.ca\/International\/wp-json\/wp\/v2\/posts\/131485\/revisions"}],"wp:attachment":[{"href":"https:\/\/linitiative.ca\/International\/wp-json\/wp\/v2\/media?parent=131485"}],"wp:term":[{"taxonomy":"category","embeddable":true,"href":"https:\/\/linitiative.ca\/International\/wp-json\/wp\/v2\/categories?post=131485"},{"taxonomy":"post_tag","embeddable":true,"href":"https:\/\/linitiative.ca\/International\/wp-json\/wp\/v2\/tags?post=131485"}],"curies":[{"name":"wp","href":"https:\/\/api.w.org\/{rel}","templated":true}]}}