{"id":131492,"date":"2021-10-31T09:20:32","date_gmt":"2021-10-31T13:20:32","guid":{"rendered":"https:\/\/linitiative.ca\/International\/m-bensaid-visite-le-chantier-du-projet-les-etoiles-de-jemaa-fna\/"},"modified":"2021-10-31T09:20:32","modified_gmt":"2021-10-31T13:20:32","slug":"m-bensaid-visite-le-chantier-du-projet-les-etoiles-de-jemaa-fna","status":"publish","type":"post","link":"https:\/\/linitiative.ca\/International\/m-bensaid-visite-le-chantier-du-projet-les-etoiles-de-jemaa-fna\/","title":{"rendered":"M. Bensaid visite le chantier du projet \u00ab\u00a0Les Etoiles de Jema\u00e2 Fna\u00a0\u00bb"},"content":{"rendered":"<div>\n<div style=\"margin-bottom:20px;\"><img loading=\"lazy\" decoding=\"async\" width=\"750\" height=\"430\" src=\"https:\/\/linitiative.ca\/International\/wp-content\/uploads\/sites\/23\/2021\/10\/bensaid.jpg\" class=\"attachment-post-thumbnail size-post-thumbnail wp-post-image\" alt=\"\" srcset=\"https:\/\/linitiative.ca\/International\/wp-content\/uploads\/sites\/23\/2021\/10\/bensaid.jpg 750w, http:\/\/www.mapmarrakech.ma\/map\/uploads\/2021\/10\/bensaid-300x172.jpg 300w\" sizes=\"auto, (max-width: 750px) 100vw, 750px\"><\/div>\n<p>Lors de cette visite, le ministre a rencontr\u00e9 l\u2019\u00e9crivain et artiste, Mahi Binebine, initiateur de ce projet, qui ciblera plus de 1.000 jeunes annuellement, par des activit\u00e9s culturelles et musicales.<\/p>\n<p>A cette occasion, M. Bensaid, a soulign\u00e9 que son D\u00e9partement soutient ce projet et demeure dispos\u00e9 \u00e0 apporter l\u2019appui et le soutien n\u00e9cessaires \u00e0 des projets socioculturels similaires dans toutes les r\u00e9gions du Royaume.<\/p>\n<p>Ce genre de projets, a expliqu\u00e9 le ministre, est de nature \u00e0 favoriser l\u2019\u00e9mergence de jeunes talents dans les domaines culturel et artistique.<\/p>\n<p>Le centre \u00ab\u00a0Les \u00c9toiles de Jema\u00e2 El Fna\u00a0\u00bb qui b\u00e9n\u00e9ficie d\u2019une contribution financi\u00e8re dans le cadre de l\u2019Initiative Nationale pour le D\u00e9veloppement Humain (INDH), a pour objectif de lutter contre le sentiment d\u2019abandon et de r\u00e9duire l\u2019\u00e9cart social.<\/p>\n<p>Cet espace qui ouvrira ses portes aux jeunes du quartier o\u00f9, il est implant\u00e9, sera d\u00e9di\u00e9 \u00e0 l\u2019initiation et la formation aux m\u00e9tiers des arts et de la sc\u00e8ne : musique, danse, th\u00e9\u00e2tre, cin\u00e9ma, arts plastiques\u2026, ainsi qu\u2019\u00e0 l\u2019apprentissage des langues \u00e9trang\u00e8res.<\/p>\n<p>Consid\u00e9r\u00e9 aussi comme espace de diffusion o\u00f9 les talents du quartier pourront se produire dans un cadre professionnel, le Centre \u00ab\u00a0Les Etoiles de Jema\u00e2 El Fna\u00a0\u00bb accueillera dans le cadre de ses activit\u00e9s culturelles, des artistes, des troupes et des compagnies marocaines et internationales pour des spectacles, des repr\u00e9sentations et des projections.<\/p>\n<p>The post <a rel=\"nofollow\" href=\"http:\/\/www.mapmarrakech.ma\/fr\/m-bensaid-visite-le-chantier-du-projet-les-etoiles-de-jemaa-fna\/\">M. Bensaid visite le chantier du projet \u00ab\u00a0Les Etoiles de Jema\u00e2 Fna\u00a0\u00bb<\/a> appeared first on <a rel=\"nofollow\" href=\"http:\/\/www.mapmarrakech.ma\/fr\">MapMarrakech<\/a>.<\/p>\n<\/div>\n<p>Auteur: Meriem IGASS<br \/>\n<a href=\"http:\/\/www.mapmarrakech.ma\/fr\/m-bensaid-visite-le-chantier-du-projet-les-etoiles-de-jemaa-fna\/\">Cliquez ici pour lire l&rsquo;article depuis sa source.<\/a><\/p>\n","protected":false},"excerpt":{"rendered":"<p>Lors de cette visite, le ministre a rencontr\u00e9 l\u2019\u00e9crivain et artiste, Mahi Binebine, initiateur de ce projet, qui ciblera plus de 1.000 jeunes annuellement, par des activit\u00e9s culturelles et musicales. A cette occasion, M. Bensaid, a soulign\u00e9 que son D\u00e9partement soutient ce projet et demeure dispos\u00e9 \u00e0 apporter l\u2019appui et le soutien n\u00e9cessaires \u00e0 des [&hellip;]<\/p>\n","protected":false},"author":1788,"featured_media":0,"comment_status":"closed","ping_status":"closed","sticky":false,"template":"","format":"standard","meta":{"fifu_image_url":"http:\/\/www.mapmarrakech.ma\/map\/uploads\/2021\/10\/bensaid.jpg","fifu_image_alt":"M. Bensaid visite le chantier du projet \u00ab\u00a0Les Etoiles de Jema\u00e2 Fna\u00a0\u00bb","footnotes":""},"categories":[54,76],"tags":[],"class_list":["post-131492","post","type-post","status-publish","format-standard","hentry","category-maroc","category-regions"],"_links":{"self":[{"href":"https:\/\/linitiative.ca\/International\/wp-json\/wp\/v2\/posts\/131492","targetHints":{"allow":["GET"]}}],"collection":[{"href":"https:\/\/linitiative.ca\/International\/wp-json\/wp\/v2\/posts"}],"about":[{"href":"https:\/\/linitiative.ca\/International\/wp-json\/wp\/v2\/types\/post"}],"author":[{"embeddable":true,"href":"https:\/\/linitiative.ca\/International\/wp-json\/wp\/v2\/users\/1788"}],"replies":[{"embeddable":true,"href":"https:\/\/linitiative.ca\/International\/wp-json\/wp\/v2\/comments?post=131492"}],"version-history":[{"count":0,"href":"https:\/\/linitiative.ca\/International\/wp-json\/wp\/v2\/posts\/131492\/revisions"}],"wp:attachment":[{"href":"https:\/\/linitiative.ca\/International\/wp-json\/wp\/v2\/media?parent=131492"}],"wp:term":[{"taxonomy":"category","embeddable":true,"href":"https:\/\/linitiative.ca\/International\/wp-json\/wp\/v2\/categories?post=131492"},{"taxonomy":"post_tag","embeddable":true,"href":"https:\/\/linitiative.ca\/International\/wp-json\/wp\/v2\/tags?post=131492"}],"curies":[{"name":"wp","href":"https:\/\/api.w.org\/{rel}","templated":true}]}}