{"id":131494,"date":"2021-10-31T12:39:59","date_gmt":"2021-10-31T16:39:59","guid":{"rendered":"https:\/\/linitiative.ca\/International\/easyjet-reprise-de-la-ligne-aerienne-essaouira-bordeaux\/"},"modified":"2021-10-31T12:39:59","modified_gmt":"2021-10-31T16:39:59","slug":"easyjet-reprise-de-la-ligne-aerienne-essaouira-bordeaux","status":"publish","type":"post","link":"https:\/\/linitiative.ca\/International\/easyjet-reprise-de-la-ligne-aerienne-essaouira-bordeaux\/","title":{"rendered":"EasyJet: Reprise de la ligne a\u00e9rienne Essaouira-Bordeaux"},"content":{"rendered":"<div>\n<div style=\"margin-bottom:20px;\"><img loading=\"lazy\" decoding=\"async\" width=\"750\" height=\"430\" src=\"https:\/\/linitiative.ca\/International\/wp-content\/uploads\/sites\/23\/2021\/10\/aeroportessaouiraavion-copier.jpg\" class=\"attachment-post-thumbnail size-post-thumbnail wp-post-image\" alt=\"\" srcset=\"https:\/\/linitiative.ca\/International\/wp-content\/uploads\/sites\/23\/2021\/10\/aeroportessaouiraavion-copier.jpg 750w, http:\/\/www.mapmarrakech.ma\/map\/uploads\/2021\/10\/aeroportessaouiraavion-copier-300x172.jpg 300w\" sizes=\"auto, (max-width: 750px) 100vw, 750px\"><\/div>\n<p>La reprise de cette ligne a\u00e9rienne avec deux fr\u00e9quences hebdomadaires, intervient apr\u00e8s la suspension en mars 2020 par la compagnie EasyJet de cette liaison a\u00e9rienne, suite \u00e0 la propagation de la pand\u00e9mie du nouveau coronavirus (Covid-19).<\/p>\n<p>Auparavant, l\u2019a\u00e9roport d\u2019Essaouira- Mogador a accueilli un autre avion reliant Bruxelles \u00e0 Essaouira de la compagnie a\u00e9rienne Ryanair (deux fr\u00e9quences par semaine), avec \u00e0 bord quelque 155 passagers, en provenance pour la premi\u00e8re fois de l\u2019a\u00e9roport Charleroi et ce, en remplacement de l\u2019a\u00e9roport de Zaventem-Bruxelles comme se fut le cas par le pass\u00e9.<\/p>\n<p>A leur arriv\u00e9e au tarmac de l\u2019a\u00e9roport international Essaouira- Mogador, les deux avions en provenance de ces deux m\u00e9tropoles europ\u00e9ennes, ont \u00e9t\u00e9 accueillis par le salut traditionnel aux canons \u00e0 eau (Water Salute).<\/p>\n<p>Par la m\u00eame occasion, les passagers des deux vols ont \u00e9t\u00e9 convi\u00e9s, \u00e0 leur arriv\u00e9e, \u00e0 la traditionnelle offrande de lait et de dattes selon les pures traditions marocaines.<\/p>\n<p>Ces deux vols \u00e0 destination et au d\u00e9part d\u2019Essaouira, rappelle-t-on, sont de nature \u00e0 renforcer davantage la connectivit\u00e9 a\u00e9rienne de la Cit\u00e9 des Aliz\u00e9s et \u00e0 booster son attractivit\u00e9 touristique.<\/p>\n<p>Dans une d\u00e9claration \u00e0 la MAP \u00e0 cette occasion, M. Arhjoul Mohammed, Commandant par int\u00e9rim de l\u2019a\u00e9roport international Essaouira- Mogador, a fait savoir que cette infrastructure a\u00e9roportuaire a enregistr\u00e9, durant la p\u00e9riode allant du 15 juin \u00e0 fin septembre dernier, plus de 12.700 passagers, accueillis \u00e0 travers 120 vols internationaux, soit un taux de r\u00e9cup\u00e9ration par rapport \u00e0 la m\u00eame p\u00e9riode de l\u2019ann\u00e9e 2019, de 45 % pour les passagers et de 61% pour les mouvements a\u00e9roportuaires.<\/p>\n<p>Et de poursuivre que \u00ab\u00a0plusieurs autres lignes a\u00e9riennes seront relanc\u00e9es dans le cadre du programme hiver 2021-2022 notamment, les lignes reliant Essaouira avec Londres ou encore, avec la ville fran\u00e7aise de Marseille qui seront assur\u00e9es par la compagnie Ryanair, outre une ligne a\u00e9rienne reliant Essaouira \u00e0 Paris, op\u00e9r\u00e9e par la compagnie a\u00e9rienne Transavia.<\/p>\n<p>Il est \u00e0 rappeler que l\u2019a\u00e9roport Essaouira- Mogador a connu, \u00e0 l\u2019instar des autres a\u00e9roports du Royaume, le d\u00e9ploiement d\u2019un dispositif sanitaire conforme aux recommandations nationales et internationales et ce, en accompagnement de la reprise des vols d\u00e9cid\u00e9e par les autorit\u00e9s \u00e0 partir du 15 juin dernier.<\/p>\n<p>Dans ce sens, M. Arhjoul, a tenu \u00e0 pr\u00e9ciser que l\u2019a\u00e9roport international Essaouira- Mogador a obtenu l\u2019accr\u00e9ditation sanitaire du Conseil International des A\u00e9roports \u00e0 savoir : Airport Health Accreditation (AHA) et ce, apr\u00e8s un audit du Conseil International Des A\u00e9roports, de tout le dispositif sanitaire mis en place par l\u2019a\u00e9roport et qui concerne tous les aspects relatifs \u00e0 l\u2019accueil des passagers.<\/p>\n<p>The post <a rel=\"nofollow\" href=\"http:\/\/www.mapmarrakech.ma\/fr\/easyjet-reprise-de-la-ligne-aerienne-essaouira-bordeaux\/\">EasyJet: Reprise de la ligne a\u00e9rienne Essaouira-Bordeaux<\/a> appeared first on <a rel=\"nofollow\" href=\"http:\/\/www.mapmarrakech.ma\/fr\">MapMarrakech<\/a>.<\/p>\n<\/div>\n<p>Auteur: Meriem IGASS<br \/>\n<a href=\"http:\/\/www.mapmarrakech.ma\/fr\/easyjet-reprise-de-la-ligne-aerienne-essaouira-bordeaux\/\">Cliquez ici pour lire l&rsquo;article depuis sa source.<\/a><\/p>\n","protected":false},"excerpt":{"rendered":"<p>La reprise de cette ligne a\u00e9rienne avec deux fr\u00e9quences hebdomadaires, intervient apr\u00e8s la suspension en mars 2020 par la compagnie EasyJet de cette liaison a\u00e9rienne, suite \u00e0 la propagation de la pand\u00e9mie du nouveau coronavirus (Covid-19). Auparavant, l\u2019a\u00e9roport d\u2019Essaouira- Mogador a accueilli un autre avion reliant Bruxelles \u00e0 Essaouira de la compagnie a\u00e9rienne Ryanair (deux [&hellip;]<\/p>\n","protected":false},"author":1788,"featured_media":0,"comment_status":"closed","ping_status":"closed","sticky":false,"template":"","format":"standard","meta":{"fifu_image_url":"http:\/\/www.mapmarrakech.ma\/map\/uploads\/2021\/10\/aeroportessaouiraavion-copier.jpg","fifu_image_alt":"EasyJet: Reprise de la ligne a\u00e9rienne Essaouira-Bordeaux","footnotes":""},"categories":[54,76],"tags":[],"class_list":["post-131494","post","type-post","status-publish","format-standard","hentry","category-maroc","category-regions"],"_links":{"self":[{"href":"https:\/\/linitiative.ca\/International\/wp-json\/wp\/v2\/posts\/131494","targetHints":{"allow":["GET"]}}],"collection":[{"href":"https:\/\/linitiative.ca\/International\/wp-json\/wp\/v2\/posts"}],"about":[{"href":"https:\/\/linitiative.ca\/International\/wp-json\/wp\/v2\/types\/post"}],"author":[{"embeddable":true,"href":"https:\/\/linitiative.ca\/International\/wp-json\/wp\/v2\/users\/1788"}],"replies":[{"embeddable":true,"href":"https:\/\/linitiative.ca\/International\/wp-json\/wp\/v2\/comments?post=131494"}],"version-history":[{"count":0,"href":"https:\/\/linitiative.ca\/International\/wp-json\/wp\/v2\/posts\/131494\/revisions"}],"wp:attachment":[{"href":"https:\/\/linitiative.ca\/International\/wp-json\/wp\/v2\/media?parent=131494"}],"wp:term":[{"taxonomy":"category","embeddable":true,"href":"https:\/\/linitiative.ca\/International\/wp-json\/wp\/v2\/categories?post=131494"},{"taxonomy":"post_tag","embeddable":true,"href":"https:\/\/linitiative.ca\/International\/wp-json\/wp\/v2\/tags?post=131494"}],"curies":[{"name":"wp","href":"https:\/\/api.w.org\/{rel}","templated":true}]}}