{"id":131496,"date":"2021-10-31T13:14:15","date_gmt":"2021-10-31T17:14:15","guid":{"rendered":"https:\/\/linitiative.ca\/International\/pres-de-1-395-000-personnes-ont-recu-la-3eme-dose-du-vaccin\/"},"modified":"2021-10-31T13:14:15","modified_gmt":"2021-10-31T17:14:15","slug":"pres-de-1-395-000-personnes-ont-recu-la-3eme-dose-du-vaccin","status":"publish","type":"post","link":"https:\/\/linitiative.ca\/International\/pres-de-1-395-000-personnes-ont-recu-la-3eme-dose-du-vaccin\/","title":{"rendered":"Pr\u00e8s de 1.395.000 personnes ont re\u00e7u la 3\u00e8me dose du vaccin"},"content":{"rendered":"<div>\n<div style=\"margin-bottom:20px;\"><img loading=\"lazy\" decoding=\"async\" width=\"750\" height=\"430\" src=\"https:\/\/linitiative.ca\/International\/wp-content\/uploads\/sites\/23\/2021\/10\/cov-ar-20.jpg\" class=\"attachment-post-thumbnail size-post-thumbnail wp-post-image\" alt=\"\" srcset=\"https:\/\/linitiative.ca\/International\/wp-content\/uploads\/sites\/23\/2021\/10\/cov-ar-20.jpg 750w, http:\/\/www.mapmarrakech.ma\/map\/uploads\/2021\/10\/cov-ar-20-300x172.jpg 300w\" sizes=\"auto, (max-width: 750px) 100vw, 750px\"><\/div>\n<p align=\"justify\">Le nombre de primo-vaccin\u00e9s a atteint 24.198.013, tandis que celui des personnes ayant re\u00e7u la 2\u00e8me dose s\u2019\u00e9l\u00e8ve d\u00e9sormais \u00e0 22.041.110, a pr\u00e9cis\u00e9 le minist\u00e8re dans son bulletin quotidien sur la situation \u00e9pid\u00e9miologique Covid-19.<\/p>\n<p align=\"justify\">De m\u00eame, 185 infections au nouveau coronavirus et 140 gu\u00e9risons ont \u00e9t\u00e9 enregistr\u00e9es en 24 heures, portant \u00e0 946.145 le nombre total des cas positifs depuis mars 2020, alors que les r\u00e9tablissements sont de 926.433, soit un taux de gu\u00e9rison de 97,9%.<\/p>\n<p align=\"justify\">Les nouvelles contaminations ont \u00e9t\u00e9 recens\u00e9es dans les r\u00e9gions de Rabat-Sal\u00e9-K\u00e9nitra (98), Casablanca-Settat (58), Tanger-T\u00e9touan-Al Hoceima (9), l\u2019Oriental (8), F\u00e8s-Mekn\u00e8s (6), Marrakech-Safi (2), La\u00e2youne-Sakia El Hamra (2), Souss-Massa (1) et B\u00e9ni Mellal-Kh\u00e9nifra (1).<\/p>\n<p align=\"justify\">Quant aux d\u00e9c\u00e8s, leur nombre total est pass\u00e9 \u00e0 14.668 (l\u00e9talit\u00e9 1,6%), avec un seul nouveau cas enregistr\u00e9 dans la r\u00e9gion de Casablanca-Settat.<\/p>\n<p align=\"justify\">Les cas actifs sont au nombre de 5.044, alors que les cas s\u00e9v\u00e8res ou graves pris en charge ont atteint 277, dont 13 plac\u00e9s sous intubation.<\/p>\n<p>The post <a rel=\"nofollow\" href=\"http:\/\/www.mapmarrakech.ma\/fr\/pres-de-1-395-000-personnes-ont-recu-la-3eme-dose-du-vaccin\/\">Pr\u00e8s de 1.395.000 personnes ont re\u00e7u la 3\u00e8me dose du vaccin<\/a> appeared first on <a rel=\"nofollow\" href=\"http:\/\/www.mapmarrakech.ma\/fr\">MapMarrakech<\/a>.<\/p>\n<\/div>\n<p>Auteur: Meriem IGASS<br \/>\n<a href=\"http:\/\/www.mapmarrakech.ma\/fr\/pres-de-1-395-000-personnes-ont-recu-la-3eme-dose-du-vaccin\/\">Cliquez ici pour lire l&rsquo;article depuis sa source.<\/a><\/p>\n","protected":false},"excerpt":{"rendered":"<p>Le nombre de primo-vaccin\u00e9s a atteint 24.198.013, tandis que celui des personnes ayant re\u00e7u la 2\u00e8me dose s\u2019\u00e9l\u00e8ve d\u00e9sormais \u00e0 22.041.110, a pr\u00e9cis\u00e9 le minist\u00e8re dans son bulletin quotidien sur la situation \u00e9pid\u00e9miologique Covid-19. De m\u00eame, 185 infections au nouveau coronavirus et 140 gu\u00e9risons ont \u00e9t\u00e9 enregistr\u00e9es en 24 heures, portant \u00e0 946.145 le nombre [&hellip;]<\/p>\n","protected":false},"author":1788,"featured_media":0,"comment_status":"closed","ping_status":"closed","sticky":false,"template":"","format":"standard","meta":{"fifu_image_url":"http:\/\/www.mapmarrakech.ma\/map\/uploads\/2021\/10\/cov-ar-20.jpg","fifu_image_alt":"Pr\u00e8s de 1.395.000 personnes ont re\u00e7u la 3\u00e8me dose du vaccin","footnotes":""},"categories":[54,76],"tags":[],"class_list":["post-131496","post","type-post","status-publish","format-standard","hentry","category-maroc","category-regions"],"_links":{"self":[{"href":"https:\/\/linitiative.ca\/International\/wp-json\/wp\/v2\/posts\/131496","targetHints":{"allow":["GET"]}}],"collection":[{"href":"https:\/\/linitiative.ca\/International\/wp-json\/wp\/v2\/posts"}],"about":[{"href":"https:\/\/linitiative.ca\/International\/wp-json\/wp\/v2\/types\/post"}],"author":[{"embeddable":true,"href":"https:\/\/linitiative.ca\/International\/wp-json\/wp\/v2\/users\/1788"}],"replies":[{"embeddable":true,"href":"https:\/\/linitiative.ca\/International\/wp-json\/wp\/v2\/comments?post=131496"}],"version-history":[{"count":0,"href":"https:\/\/linitiative.ca\/International\/wp-json\/wp\/v2\/posts\/131496\/revisions"}],"wp:attachment":[{"href":"https:\/\/linitiative.ca\/International\/wp-json\/wp\/v2\/media?parent=131496"}],"wp:term":[{"taxonomy":"category","embeddable":true,"href":"https:\/\/linitiative.ca\/International\/wp-json\/wp\/v2\/categories?post=131496"},{"taxonomy":"post_tag","embeddable":true,"href":"https:\/\/linitiative.ca\/International\/wp-json\/wp\/v2\/tags?post=131496"}],"curies":[{"name":"wp","href":"https:\/\/api.w.org\/{rel}","templated":true}]}}