{"id":131508,"date":"2021-10-31T06:33:48","date_gmt":"2021-10-31T10:33:48","guid":{"rendered":"https:\/\/linitiative.ca\/International\/la-campagne-electorale-debutera-avant-la-fin-de-la-semaine-expiration-aujourdhui-des-delais-de-recours\/"},"modified":"2021-10-31T06:33:48","modified_gmt":"2021-10-31T10:33:48","slug":"la-campagne-electorale-debutera-avant-la-fin-de-la-semaine-expiration-aujourdhui-des-delais-de-recours","status":"publish","type":"post","link":"https:\/\/linitiative.ca\/International\/la-campagne-electorale-debutera-avant-la-fin-de-la-semaine-expiration-aujourdhui-des-delais-de-recours\/","title":{"rendered":"La campagne \u00e9lectorale d\u00e9butera avant la fin de la semaine : Expiration aujourd\u2019hui des d\u00e9lais de recours"},"content":{"rendered":"<div>\n<div class=\"sriret\"><img decoding=\"async\" src=\"https:\/\/linitiative.ca\/International\/wp-content\/uploads\/sites\/23\/2021\/10\/default-picture-709x366_c-61.jpg\"><\/div>\n<p>Les partis et autres candidats ind\u00e9pendants doivent \u00eatre fix\u00e9s sur le sort de leurs listes, du moins celles qui sont sujettes \u00e0 des litiges, \u00e9tant donn\u00e9 que la campagne \u00e9lectorale devra d\u00e9buter avant la fin de la semaine.<\/p>\n<p>Cest aujourd\u2019hui qu\u2019expireront les d\u00e9lais consacr\u00e9s aux recours d\u00e9pos\u00e9s aupr\u00e8s du Conseil d\u2019Etat par les candidats dont les dossiers de candidature pour les \u00e9lections locales anticip\u00e9es du 27 novembre ont \u00e9t\u00e9 rejet\u00e9s par l\u2019Autorit\u00e9 nationale ind\u00e9pendante des \u00e9lections (ANIE).<\/p>\n<p>Les partis et autres candidats ind\u00e9pendants doivent \u00eatre fix\u00e9s sur le sort de leurs listes, du moins celles qui sont sujettes \u00e0 des litiges, \u00e9tant donn\u00e9 que la campagne \u00e9lectorale d\u00e9butera avant la fin de la semaine.<\/p>\n<p>M\u00eame si les chiffres relatifs au rejet n\u2019ont pas jusque-l\u00e0 \u00e9t\u00e9 communiqu\u00e9s par l\u2019ANIE, il est probable qu\u2019ils soient tr\u00e8s importants, compte tenu de l\u2019ampleur de la contestation exprim\u00e9e par quelques formations politiques.<\/p>\n<p>Si le Mouvement de la soci\u00e9t\u00e9 pour la paix (MSP) avait qualifi\u00e9 les d\u00e9cisions prises de \u00abcarnage\u00bb, le Front des forces socialistes (FFS) a, quant \u00e0 lui, d\u00e9nonc\u00e9 une \u00abgestion s\u00e9curitaire excessive\u00bb, de l\u2019op\u00e9ration \u00e9lectorale, au vu du \u00abnombre important de rejets\u00bb op\u00e9r\u00e9 par l\u2019ANIE qui, ajoute-t-il, s\u2019est \u00abexclusivement\u00bb appuy\u00e9e sur des \u00abrapports pr\u00e9liminaires des services de s\u00e9curit\u00e9\u00bb, pour signifier ces rejets.<\/p>\n<p style=\"text-align: right;\"><strong>Retrouvez l\u2019int\u00e9gralit\u00e9 de nos articles sur la version papier<\/strong><\/p>\n<p>L\u2019article <a rel=\"nofollow\" href=\"https:\/\/www.elwatan.com\/edition\/actualite\/expiration-aujourdhui-des-delais-de-recours-31-10-2021\">La campagne \u00e9lectorale d\u00e9butera avant la fin de la semaine : Expiration aujourd\u2019hui des d\u00e9lais de recours<\/a> est apparu en premier sur <a rel=\"nofollow\" href=\"https:\/\/www.elwatan.com\/\">El Watan<\/a>.<\/p>\n<\/div>\n<p>Auteur: Anis Khecheba<br \/>\n<a href=\"https:\/\/www.elwatan.com\/edition\/actualite\/expiration-aujourdhui-des-delais-de-recours-31-10-2021\">Cliquez ici pour lire l&rsquo;article depuis sa source.<\/a><\/p>\n","protected":false},"excerpt":{"rendered":"<p>Les partis et autres candidats ind\u00e9pendants doivent \u00eatre fix\u00e9s sur le sort de leurs listes, du moins celles qui sont sujettes \u00e0 des litiges, \u00e9tant donn\u00e9 que la campagne \u00e9lectorale devra d\u00e9buter avant la fin de la semaine. Cest aujourd\u2019hui qu\u2019expireront les d\u00e9lais consacr\u00e9s aux recours d\u00e9pos\u00e9s aupr\u00e8s du Conseil d\u2019Etat par les candidats dont [&hellip;]<\/p>\n","protected":false},"author":1743,"featured_media":0,"comment_status":"closed","ping_status":"closed","sticky":false,"template":"","format":"standard","meta":{"fifu_image_url":"https:\/\/www.elwatan.com\/wp-content\/themes\/spectr\/img\/default-picture-709x366_c.jpg","fifu_image_alt":"La campagne \u00e9lectorale d\u00e9butera avant la fin de la semaine : Expiration aujourd\u2019hui des d\u00e9lais de recours","footnotes":""},"categories":[73,53],"tags":[],"class_list":["post-131508","post","type-post","status-publish","format-standard","hentry","category-actualite","category-algerie"],"_links":{"self":[{"href":"https:\/\/linitiative.ca\/International\/wp-json\/wp\/v2\/posts\/131508","targetHints":{"allow":["GET"]}}],"collection":[{"href":"https:\/\/linitiative.ca\/International\/wp-json\/wp\/v2\/posts"}],"about":[{"href":"https:\/\/linitiative.ca\/International\/wp-json\/wp\/v2\/types\/post"}],"author":[{"embeddable":true,"href":"https:\/\/linitiative.ca\/International\/wp-json\/wp\/v2\/users\/1743"}],"replies":[{"embeddable":true,"href":"https:\/\/linitiative.ca\/International\/wp-json\/wp\/v2\/comments?post=131508"}],"version-history":[{"count":0,"href":"https:\/\/linitiative.ca\/International\/wp-json\/wp\/v2\/posts\/131508\/revisions"}],"wp:attachment":[{"href":"https:\/\/linitiative.ca\/International\/wp-json\/wp\/v2\/media?parent=131508"}],"wp:term":[{"taxonomy":"category","embeddable":true,"href":"https:\/\/linitiative.ca\/International\/wp-json\/wp\/v2\/categories?post=131508"},{"taxonomy":"post_tag","embeddable":true,"href":"https:\/\/linitiative.ca\/International\/wp-json\/wp\/v2\/tags?post=131508"}],"curies":[{"name":"wp","href":"https:\/\/api.w.org\/{rel}","templated":true}]}}