{"id":131514,"date":"2021-10-31T07:14:13","date_gmt":"2021-10-31T11:14:13","guid":{"rendered":"https:\/\/linitiative.ca\/International\/minurso-lalgerie-ne-soutiendra-pas-la-resolution-partiale-adoptee-par-le-conseil-de-securite-mae\/"},"modified":"2021-10-31T07:14:13","modified_gmt":"2021-10-31T11:14:13","slug":"minurso-lalgerie-ne-soutiendra-pas-la-resolution-partiale-adoptee-par-le-conseil-de-securite-mae","status":"publish","type":"post","link":"https:\/\/linitiative.ca\/International\/minurso-lalgerie-ne-soutiendra-pas-la-resolution-partiale-adoptee-par-le-conseil-de-securite-mae\/","title":{"rendered":"Minurso: l\u2019Alg\u00e9rie ne soutiendra pas la r\u00e9solution \u00ab\u00a0partiale\u00a0\u00bb adopt\u00e9e par le Conseil de s\u00e9curit\u00e9 (MAE)"},"content":{"rendered":"<div>\n<div class=\"sriret\"><img loading=\"lazy\" decoding=\"async\" width=\"2000\" height=\"1000\" src=\"https:\/\/linitiative.ca\/International\/wp-content\/uploads\/sites\/23\/2021\/10\/Conseil-de-sC3A9curitC3A9.jpg\" class=\"attachment-featured_large size-featured_large wp-post-image\" alt=\"\" style=\"margin-bottom: 15px;\" srcset=\"https:\/\/linitiative.ca\/International\/wp-content\/uploads\/sites\/23\/2021\/10\/Conseil-de-sC3A9curitC3A9.jpg 2000w, https:\/\/www.elwatan.com\/wp-content\/uploads\/2021\/03\/Conseil-de-s\u00e9curit\u00e9-300x150.jpg 300w, https:\/\/www.elwatan.com\/wp-content\/uploads\/2021\/03\/Conseil-de-s\u00e9curit\u00e9-768x384.jpg 768w, https:\/\/www.elwatan.com\/wp-content\/uploads\/2021\/03\/Conseil-de-s\u00e9curit\u00e9-1024x512.jpg 1024w, https:\/\/www.elwatan.com\/wp-content\/uploads\/2021\/03\/Conseil-de-s\u00e9curit\u00e9-1320x660.jpg 1320w\" sizes=\"auto, (max-width: 2000px) 100vw, 2000px\"><\/div>\n<p>L\u2019Alg\u00e9rie ne soutiendra pas la r\u00e9solution \u00ab\u00a0partiale\u00a0\u00bb adopt\u00e9e par le Conseil de s\u00e9curit\u00e9 de l\u2019ONU portant renouvellement du mandat de la Minurso, a d\u00e9clar\u00e9 dimanche 31 octobre le minist\u00e8re des Affaires \u00e9trang\u00e8res et de la Communaut\u00e9 nationale \u00e0 l\u2019\u00e9tranger, regrettant l\u2019approche \u00ab\u00a0fondamentalement d\u00e9s\u00e9quilibr\u00e9e\u00a0\u00bb consacr\u00e9e par ce texte qui \u00ab\u00a0manque cruellement de responsabilit\u00e9 et de lucidit\u00e9\u00a0\u00bb.<\/p>\n<p>\u00ab\u00a0Suite \u00e0 l\u2019adoption par le Conseil de s\u00e9curit\u00e9 des Nations unies de la R\u00e9solution 2602 (2021) portant renouvellement du mandat de la Minurso (Mission des Nations unies pour l\u2019organisation d\u2019un r\u00e9f\u00e9rendum au Sahara occidental), l\u2019Alg\u00e9rie exprime son profond regret quant \u00e0 l\u2019approche fondamentalement d\u00e9s\u00e9quilibr\u00e9e consacr\u00e9e par ce texte qui manque cruellement de responsabilit\u00e9 et de lucidit\u00e9 du fait du forcing malencontreux de certains des membres influents dudit Conseil\u00a0\u00bb, lit-on dans une d\u00e9claration du minist\u00e8re. \u00ab\u00a0L\u2019Alg\u00e9rie, qui exprime sa pleine compr\u00e9hension des constats et conclusions de la partie sahraouie, ne soutiendra pas cette r\u00e9solution partiale qui a pour effet de conforter les pr\u00e9tentions exorbitantes de l\u2019Etat occupant (Maroc, ndlr) dont elle encourage l\u2019intransigeance et les man\u0153uvres visant \u00e0 entraver et \u00e0 pervertir le processus de d\u00e9colonisation du Sahara occidental\u00a0\u00bb, poursuit le texte.\u00a0\u00bbPar principe et par solidarit\u00e9 avec le peuple fr\u00e8re du Sahara occidental, l\u2019Alg\u00e9rie attend du nouvel Envoy\u00e9 personnel du Secr\u00e9taire g\u00e9n\u00e9ral qu\u2019il inscrive strictement son mandat dans la mise en \u0153uvre de la R\u00e9solution 690 (1991) portant le Plan de R\u00e8glement accept\u00e9 par les deux parties au conflit, le Royaume du Maroc et le Front Polisario, et adopt\u00e9 unanimement par le Conseil de s\u00e9curit\u00e9\u00a0\u00bb, a fait savoir le minist\u00e8re. Par ailleurs, \u00ab\u00a0l\u2019Alg\u00e9rie escompte que la communaut\u00e9 internationale ne m\u00e9nagera aucun effort pour amener le Royaume du Maroc et la R\u00e9publique arabe sahraouie d\u00e9mocratique (RASD), en leur qualit\u00e9 d\u2019Etats membres de l\u2019Union africaine (UA), \u00e0 mettre en \u0153uvre la d\u00e9cision du Conseil de paix et de s\u00e9curit\u00e9 de l\u2019UA adopt\u00e9e lors de sa r\u00e9union au niveau des chefs d\u2019Etat et de gouvernement le 9 mars 2021, qui demande aux deux pays d\u2019engager des pourparlers directs et francs, sans aucune condition pr\u00e9alable et conform\u00e9ment \u00e0 l\u2019article 4 de l\u2019Acte constitutif de l\u2019UA\u00a0\u00bb. \u00ab\u00a0Toute d\u00e9marche qui ignore le droit \u00e0 l\u2019autod\u00e9termination et \u00e0 l\u2019ind\u00e9pendance du peuple sahraoui sera contre-productive, injuste, dangereuse, et ne fera qu\u2019ajouter un surcro\u00eet de tension et d\u2019instabilit\u00e9 dans la r\u00e9gion\u00a0\u00bb, conclut le minist\u00e8re des Affaires \u00e9trang\u00e8res et de la Communaut\u00e9 nationale \u00e0 l\u2019\u00e9tranger.<\/p>\n<p style=\"text-align: right;\"><em><strong>APS<\/strong><\/em><\/p>\n<p>L\u2019article <a rel=\"nofollow\" href=\"https:\/\/www.elwatan.com\/edition\/international\/minurso-lalgerie-ne-soutiendra-pas-la-resolution-partiale-adoptee-par-le-conseil-de-securite-mae-31-10-2021\">Minurso: l\u2019Alg\u00e9rie ne soutiendra pas la r\u00e9solution \u00ab\u00a0partiale\u00a0\u00bb adopt\u00e9e par le Conseil de s\u00e9curit\u00e9 (MAE)<\/a> est apparu en premier sur <a rel=\"nofollow\" href=\"https:\/\/www.elwatan.com\/\">El Watan<\/a>.<\/p>\n<\/div>\n<p>Auteur: Mohand Yahiaoui<br \/>\n<a href=\"https:\/\/www.elwatan.com\/edition\/international\/minurso-lalgerie-ne-soutiendra-pas-la-resolution-partiale-adoptee-par-le-conseil-de-securite-mae-31-10-2021\">Cliquez ici pour lire l&rsquo;article depuis sa source.<\/a><\/p>\n","protected":false},"excerpt":{"rendered":"<p>L\u2019Alg\u00e9rie ne soutiendra pas la r\u00e9solution \u00ab\u00a0partiale\u00a0\u00bb adopt\u00e9e par le Conseil de s\u00e9curit\u00e9 de l\u2019ONU portant renouvellement du mandat de la Minurso, a d\u00e9clar\u00e9 dimanche 31 octobre le minist\u00e8re des Affaires \u00e9trang\u00e8res et de la Communaut\u00e9 nationale \u00e0 l\u2019\u00e9tranger, regrettant l\u2019approche \u00ab\u00a0fondamentalement d\u00e9s\u00e9quilibr\u00e9e\u00a0\u00bb consacr\u00e9e par ce texte qui \u00ab\u00a0manque cruellement de responsabilit\u00e9 et de lucidit\u00e9\u00a0\u00bb. [&hellip;]<\/p>\n","protected":false},"author":1743,"featured_media":0,"comment_status":"closed","ping_status":"closed","sticky":false,"template":"","format":"standard","meta":{"fifu_image_url":"https:\/\/www.elwatan.com\/wp-content\/uploads\/2021\/03\/Conseil-de-s\u00e9curit\u00e9.jpg","fifu_image_alt":"Minurso: l\u2019Alg\u00e9rie ne soutiendra pas la r\u00e9solution \u00ab\u00a0partiale\u00a0\u00bb adopt\u00e9e par le Conseil de s\u00e9curit\u00e9 (MAE)","footnotes":""},"categories":[73,53],"tags":[],"class_list":["post-131514","post","type-post","status-publish","format-standard","hentry","category-actualite","category-algerie"],"_links":{"self":[{"href":"https:\/\/linitiative.ca\/International\/wp-json\/wp\/v2\/posts\/131514","targetHints":{"allow":["GET"]}}],"collection":[{"href":"https:\/\/linitiative.ca\/International\/wp-json\/wp\/v2\/posts"}],"about":[{"href":"https:\/\/linitiative.ca\/International\/wp-json\/wp\/v2\/types\/post"}],"author":[{"embeddable":true,"href":"https:\/\/linitiative.ca\/International\/wp-json\/wp\/v2\/users\/1743"}],"replies":[{"embeddable":true,"href":"https:\/\/linitiative.ca\/International\/wp-json\/wp\/v2\/comments?post=131514"}],"version-history":[{"count":0,"href":"https:\/\/linitiative.ca\/International\/wp-json\/wp\/v2\/posts\/131514\/revisions"}],"wp:attachment":[{"href":"https:\/\/linitiative.ca\/International\/wp-json\/wp\/v2\/media?parent=131514"}],"wp:term":[{"taxonomy":"category","embeddable":true,"href":"https:\/\/linitiative.ca\/International\/wp-json\/wp\/v2\/categories?post=131514"},{"taxonomy":"post_tag","embeddable":true,"href":"https:\/\/linitiative.ca\/International\/wp-json\/wp\/v2\/tags?post=131514"}],"curies":[{"name":"wp","href":"https:\/\/api.w.org\/{rel}","templated":true}]}}