{"id":131516,"date":"2021-10-31T07:46:06","date_gmt":"2021-10-31T11:46:06","guid":{"rendered":"https:\/\/linitiative.ca\/International\/transport-aerien-air-algerie-ouvre-de-nouvelles-lignes-domestiques-desservant-le-sud-du-pays\/"},"modified":"2021-10-31T07:46:06","modified_gmt":"2021-10-31T11:46:06","slug":"transport-aerien-air-algerie-ouvre-de-nouvelles-lignes-domestiques-desservant-le-sud-du-pays","status":"publish","type":"post","link":"https:\/\/linitiative.ca\/International\/transport-aerien-air-algerie-ouvre-de-nouvelles-lignes-domestiques-desservant-le-sud-du-pays\/","title":{"rendered":"Transport a\u00e9rien: Air Alg\u00e9rie ouvre de nouvelles lignes domestiques desservant le Sud du pays"},"content":{"rendered":"<div>\n<div class=\"sriret\"><img loading=\"lazy\" decoding=\"async\" width=\"1280\" height=\"720\" src=\"https:\/\/linitiative.ca\/International\/wp-content\/uploads\/sites\/23\/2021\/10\/AIR-ALGERIE-1.gif\" class=\"attachment-featured_large size-featured_large wp-post-image\" alt=\"\" style=\"margin-bottom: 15px;\"><\/div>\n<p>La compagnie nationale de transport a\u00e9rien, Air Alg\u00e9rie, a annonc\u00e9 dimanche 31 octobre l\u2019ouverture de nouvelles lignes qui desservent le Sud du pays, afin de r\u00e9pondre \u00e0 la demande exprim\u00e9e par les citoyens et les op\u00e9rateurs \u00e9conomiques.<\/p>\n<p>A ce titre, Air Alg\u00e9rie lancera le 2 novembre prochain la ligne El Oued-Illizi-El Oued, avec des vols programm\u00e9s les mardis, une fois toutes les deux semaines, a indiqu\u00e9 \u00e0 l\u2019APS le porte-parole de la compagnie, Amine Andaloussi. Air Alg\u00e9rie mettra \u00e9galement en service le 9 novembre, la desserte El Oued-Djanet-El Oued qui sera assur\u00e9e les mardis, une fois toutes les deux semaines, a-t-il ajout\u00e9. Outre la cr\u00e9ation de nouvelles lignes, la compagnie nationale va renforcer ses vols sur des lignes existantes, et ce, \u00e0 partir du 2 novembre. Il s\u2019agit en particulier de la ligne Alger-T\u00e9bessa-Alger (tous les samedis et mardis) et la ligne Gharda\u00efa-Tamanrasset-Gharda\u00efa (tous les mardis). Air Alg\u00e9rie vient aussi de renforcer les vols sur d\u2019autres destinations, \u00e0 l\u2019instar de la ligne Alger-El Oued-Alger qui a b\u00e9n\u00e9fici\u00e9, derni\u00e8rement, d\u2019un vol suppl\u00e9mentaire, tous les lundis, ou encore la ligne Alger-Mecheria-Alger avec une desserte hebdomadaire tous les dimanches. A cela s\u2019ajoute, la desserte Adrar-Bordj Badji Mokhtar-Adrar, tous les jeudis, et la desserte Adrar-Bordj Badji Mokhtar- Tamanrasset, tous les samedis, avec un retour dans le sens inverse Tamanrasset-Bordj Badji Mokhtar-Adrar, tous les dimanches. Le renforcement des lignes d\u2019Air Alg\u00e9rie vise \u00e0 cr\u00e9er une dynamique dans le Sud du pays, tout en contribuant au d\u00e9senclavement de certaines r\u00e9gions, \u00e0 soulign\u00e9 M. Andaloussi. Ces actions permettront, selon lui, de booster le tourisme \u00e0 l\u2019int\u00e9rieur du pays et dans l\u2019extr\u00eame Sud, et d\u2019accompagner les investisseurs en leur facilitant l\u2019acc\u00e8s \u00e0 ces r\u00e9gions afin de leur permettre de juger du potentiel qu\u2019elles offrent. M. Andaloussi a assur\u00e9 que les prix appliqu\u00e9s sur ces dessertes sont \u00ab\u00a0\u00e9tudi\u00e9s\u00a0\u00bb, rappelant que les lignes domestiques b\u00e9n\u00e9ficient d\u2019une contribution de l\u2019Etat, ce qui permet de proposer les billets \u00e0 des prix \u00ab\u00a0accessibles\u00a0\u00bb. Le porte-parole d\u2019Air Alg\u00e9rie a rappel\u00e9, dans ce cadre, les orientations du pr\u00e9sident de la R\u00e9publique quant \u00e0 l\u2019ouverture de tous les a\u00e9roports ferm\u00e9s dans le but de faciliter le transport des citoyens alg\u00e9riens vers toutes les r\u00e9gions du pays.<\/p>\n<p style=\"text-align: right;\"><em><strong>APS<\/strong><\/em><\/p>\n<p>L\u2019article <a rel=\"nofollow\" href=\"https:\/\/www.elwatan.com\/edition\/actualite\/transport-aerien-air-algerie-ouvre-de-nouvelles-lignes-domestiques-desservant-le-sud-du-pays-31-10-2021\">Transport a\u00e9rien: Air Alg\u00e9rie ouvre de nouvelles lignes domestiques desservant le Sud du pays<\/a> est apparu en premier sur <a rel=\"nofollow\" href=\"https:\/\/www.elwatan.com\/\">El Watan<\/a>.<\/p>\n<\/div>\n<p>Auteur: Mohand Yahiaoui<br \/>\n<a href=\"https:\/\/www.elwatan.com\/edition\/actualite\/transport-aerien-air-algerie-ouvre-de-nouvelles-lignes-domestiques-desservant-le-sud-du-pays-31-10-2021\">Cliquez ici pour lire l&rsquo;article depuis sa source.<\/a><\/p>\n","protected":false},"excerpt":{"rendered":"<p>La compagnie nationale de transport a\u00e9rien, Air Alg\u00e9rie, a annonc\u00e9 dimanche 31 octobre l\u2019ouverture de nouvelles lignes qui desservent le Sud du pays, afin de r\u00e9pondre \u00e0 la demande exprim\u00e9e par les citoyens et les op\u00e9rateurs \u00e9conomiques. A ce titre, Air Alg\u00e9rie lancera le 2 novembre prochain la ligne El Oued-Illizi-El Oued, avec des vols [&hellip;]<\/p>\n","protected":false},"author":1743,"featured_media":0,"comment_status":"closed","ping_status":"closed","sticky":false,"template":"","format":"standard","meta":{"fifu_image_url":"https:\/\/www.elwatan.com\/wp-content\/uploads\/2021\/06\/AIR-ALGERIE.gif","fifu_image_alt":"Transport a\u00e9rien: Air Alg\u00e9rie ouvre de nouvelles lignes domestiques desservant le Sud du pays","footnotes":""},"categories":[73,53],"tags":[],"class_list":["post-131516","post","type-post","status-publish","format-standard","hentry","category-actualite","category-algerie"],"_links":{"self":[{"href":"https:\/\/linitiative.ca\/International\/wp-json\/wp\/v2\/posts\/131516","targetHints":{"allow":["GET"]}}],"collection":[{"href":"https:\/\/linitiative.ca\/International\/wp-json\/wp\/v2\/posts"}],"about":[{"href":"https:\/\/linitiative.ca\/International\/wp-json\/wp\/v2\/types\/post"}],"author":[{"embeddable":true,"href":"https:\/\/linitiative.ca\/International\/wp-json\/wp\/v2\/users\/1743"}],"replies":[{"embeddable":true,"href":"https:\/\/linitiative.ca\/International\/wp-json\/wp\/v2\/comments?post=131516"}],"version-history":[{"count":0,"href":"https:\/\/linitiative.ca\/International\/wp-json\/wp\/v2\/posts\/131516\/revisions"}],"wp:attachment":[{"href":"https:\/\/linitiative.ca\/International\/wp-json\/wp\/v2\/media?parent=131516"}],"wp:term":[{"taxonomy":"category","embeddable":true,"href":"https:\/\/linitiative.ca\/International\/wp-json\/wp\/v2\/categories?post=131516"},{"taxonomy":"post_tag","embeddable":true,"href":"https:\/\/linitiative.ca\/International\/wp-json\/wp\/v2\/tags?post=131516"}],"curies":[{"name":"wp","href":"https:\/\/api.w.org\/{rel}","templated":true}]}}