{"id":131520,"date":"2021-10-31T12:20:00","date_gmt":"2021-10-31T16:20:00","guid":{"rendered":"https:\/\/linitiative.ca\/International\/jcc-2021-vivez-par-limage-une-ouverture-eclatante-album-photo\/"},"modified":"2021-10-31T12:20:00","modified_gmt":"2021-10-31T16:20:00","slug":"jcc-2021-vivez-par-limage-une-ouverture-eclatante-album-photo","status":"publish","type":"post","link":"https:\/\/linitiative.ca\/International\/jcc-2021-vivez-par-limage-une-ouverture-eclatante-album-photo\/","title":{"rendered":"JCC 2021 : Vivez par l\u2019image une ouverture \u00e9clatante (Album photo)"},"content":{"rendered":"<div><img decoding=\"async\" src=\"https:\/\/linitiative.ca\/International\/wp-content\/uploads\/sites\/23\/2021\/10\/1635699054_article.jpg\" alt=\"JCC 2021 : Vivez par l\u2019image une ouverture \u00e9clatante (Album photo)\" align=\"left\">C\u2019est parti\u00a0! La 32\u00e8me session des Journ\u00e9es cin\u00e9matographiques de Carthage (JCC), transformera Tunis en grande capitale du 7\u00e8me art. Une semaine durant, du 30 octobre au 6 novembre 2021 les \u00e9crans de la Cit\u00e9 de la Culture et des autres (rares) salles de cin\u00e9ma projettent plus que des films\u00a0: des \u0153uvres, des r\u00eaves et des ambitions.<\/p>\n<p>Traditionnel d\u00e9fil\u00e9 des stars sur le tapis rouge et coulisses, en image, par Mohamed Hammi.<br \/>\n\u00a0<\/p>\n<\/div>\n<p>Auteur:<br \/>\n<a href=\"https:\/\/www.leaders.com.tn\/article\/32593-jcc-2021-vivez-par-l-image-une-ouverture-eclatante-album-photo\">Cliquez ici pour lire l&rsquo;article depuis sa source.<\/a><\/p>\n","protected":false},"excerpt":{"rendered":"<p>C\u2019est parti\u00a0! La 32\u00e8me session des Journ\u00e9es cin\u00e9matographiques de Carthage (JCC), transformera Tunis en grande capitale du 7\u00e8me art. Une semaine durant, du 30 octobre au 6 novembre 2021 les \u00e9crans de la Cit\u00e9 de la Culture et des autres (rares) salles de cin\u00e9ma projettent plus que des films\u00a0: des \u0153uvres, des r\u00eaves et des [&hellip;]<\/p>\n","protected":false},"author":1772,"featured_media":0,"comment_status":"closed","ping_status":"closed","sticky":false,"template":"","format":"standard","meta":{"fifu_image_url":"http:\/\/www.leaders.com.tn\/uploads\/content\/thumbnails_small\/1635699054_article.jpg","fifu_image_alt":"JCC 2021 : Vivez par l\u2019image une ouverture \u00e9clatante (Album photo)","footnotes":""},"categories":[73,55],"tags":[],"class_list":["post-131520","post","type-post","status-publish","format-standard","hentry","category-actualite","category-tunisie"],"_links":{"self":[{"href":"https:\/\/linitiative.ca\/International\/wp-json\/wp\/v2\/posts\/131520","targetHints":{"allow":["GET"]}}],"collection":[{"href":"https:\/\/linitiative.ca\/International\/wp-json\/wp\/v2\/posts"}],"about":[{"href":"https:\/\/linitiative.ca\/International\/wp-json\/wp\/v2\/types\/post"}],"author":[{"embeddable":true,"href":"https:\/\/linitiative.ca\/International\/wp-json\/wp\/v2\/users\/1772"}],"replies":[{"embeddable":true,"href":"https:\/\/linitiative.ca\/International\/wp-json\/wp\/v2\/comments?post=131520"}],"version-history":[{"count":0,"href":"https:\/\/linitiative.ca\/International\/wp-json\/wp\/v2\/posts\/131520\/revisions"}],"wp:attachment":[{"href":"https:\/\/linitiative.ca\/International\/wp-json\/wp\/v2\/media?parent=131520"}],"wp:term":[{"taxonomy":"category","embeddable":true,"href":"https:\/\/linitiative.ca\/International\/wp-json\/wp\/v2\/categories?post=131520"},{"taxonomy":"post_tag","embeddable":true,"href":"https:\/\/linitiative.ca\/International\/wp-json\/wp\/v2\/tags?post=131520"}],"curies":[{"name":"wp","href":"https:\/\/api.w.org\/{rel}","templated":true}]}}