{"id":131547,"date":"2021-10-31T09:52:32","date_gmt":"2021-10-31T13:52:32","guid":{"rendered":"https:\/\/linitiative.ca\/International\/cop26-sur-le-climat-le-cameroun-present-a-glasgow-en-ecosse\/"},"modified":"2021-10-31T09:52:32","modified_gmt":"2021-10-31T13:52:32","slug":"cop26-sur-le-climat-le-cameroun-present-a-glasgow-en-ecosse","status":"publish","type":"post","link":"https:\/\/linitiative.ca\/International\/cop26-sur-le-climat-le-cameroun-present-a-glasgow-en-ecosse\/","title":{"rendered":"Cop26 sur le climat : le Cameroun pr\u00e9sent \u00e0 Glasgow en \u00c9cosse"},"content":{"rendered":"<div>\n<p><img loading=\"lazy\" decoding=\"async\" width=\"840\" height=\"560\" src=\"https:\/\/linitiative.ca\/International\/wp-content\/uploads\/sites\/23\/2021\/10\/downloadfile-1.jpg\" class=\"attachment-post-thumbnail size-post-thumbnail wp-post-image\" alt=\"\" srcset=\"https:\/\/linitiative.ca\/International\/wp-content\/uploads\/sites\/23\/2021\/10\/downloadfile-1.jpg 840w, https:\/\/www.journalducameroun.com\/wp-content\/uploads\/2021\/10\/downloadfile-1-300x200.jpg 300w, https:\/\/www.journalducameroun.com\/wp-content\/uploads\/2021\/10\/downloadfile-1-768x512.jpg 768w, https:\/\/www.journalducameroun.com\/wp-content\/uploads\/2021\/10\/downloadfile-1-660x440.jpg 660w, https:\/\/www.journalducameroun.com\/wp-content\/uploads\/2021\/10\/downloadfile-1-600x400.jpg 600w\" sizes=\"auto, (max-width: 840px) 100vw, 840px\"><\/p>\n<p style=\"text-align: justify;\"><strong>Trois ministres accompagn\u00e9s d&rsquo;experts ont fait le d\u00e9placement pour cette rencontre qui d\u00e9marre ce 31 octobre 2021. Cette 26e conf\u00e9rence vise \u00e0 inciter les \u00c9tats \u00e0 mettre en oeuvre les r\u00e9solutions de 2015 sur le changement climatique.\u00a0<\/strong><\/p>\n<p style=\"text-align: justify;\">\n<p style=\"text-align: justify;\">\n<p style=\"text-align: justify;\">\n<p style=\"text-align: justify;\">\n<p style=\"text-align: justify;\">Le Cameroun est pr\u00e9sent \u00e0 la 26\u00e8me Conf\u00e9rence des Nations-Unies (pr\u00e9sident en photo) sur les changements climatiques (COP26), qui s&rsquo;ouvre ce dimanche 31 octobre 2021 \u00e0 Glasgow en \u00c9cosse.r le climat.<\/p>\n<p style=\"text-align: justify;\">Le ministre camerounais des Relations Ext\u00e9rieures, Lejeune Mbella Mbella, en compagnie des ministres, Hele Pierre, de l&rsquo;environnement, de la protection de la nature et du d\u00e9veloppement durable, et Jules Doret Ndongo, des For\u00eats et de la faune, sont \u00e0 la t\u00eate d&rsquo;une d\u00e9l\u00e9gation constitu\u00e9e d&rsquo;experts.<\/p>\n<p style=\"text-align: justify;\">L&rsquo;on apprend qu&rsquo;\u00e0 l&rsquo;occasion de cette rencontre internationale de haut niveau, le Cameroun fera valoir ses sp\u00e9cificit\u00e9s et ses priorit\u00e9s sur les questions en n\u00e9gociations, pour une plus grande justice climatique. En rappelant qu&rsquo;il porte sur son territoire un pan important du massif forestier du bassin du Congo reconnu par tous comme le second puits carbone de la plan\u00e8te.<\/p>\n<p style=\"text-align: justify;\">Pr\u00e8s de 200 pays attendus en \u00c9cosse pour r\u00e9pondre \u00e0 l\u2019urgence climatique.\u00a0Maintien du r\u00e9chauffement \u00e0 + 1,5\u00b0C, r\u00e9duction des \u00e9missions de gaz \u00e0 effet de serre, sortie des \u00e9nergies fossiles. La Cop 26 va s&rsquo;achever le 12 novembre.<\/p>\n<p>Cet article <a rel=\"nofollow\" href=\"https:\/\/www.journalducameroun.com\/cop26-sur-le-climat-le-cameroun-present-cameroun\/\">Cop26 sur le climat : le Cameroun pr\u00e9sent \u00e0 Glasgow en \u00c9cosse<\/a> est apparu en premier sur <a rel=\"nofollow\" href=\"https:\/\/www.journalducameroun.com\/\">Journal du Cameroun<\/a>.<\/p>\n<\/div>\n<p>Auteur: Christian DJIMADEU<br \/>\n<a href=\"https:\/\/www.journalducameroun.com\/cop26-sur-le-climat-le-cameroun-present-cameroun\/\">Cliquez ici pour lire l&rsquo;article depuis sa source.<\/a><\/p>\n","protected":false},"excerpt":{"rendered":"<p>Trois ministres accompagn\u00e9s d&rsquo;experts ont fait le d\u00e9placement pour cette rencontre qui d\u00e9marre ce 31 octobre 2021. Cette 26e conf\u00e9rence vise \u00e0 inciter les \u00c9tats \u00e0 mettre en oeuvre les r\u00e9solutions de 2015 sur le changement climatique.\u00a0 Le Cameroun est pr\u00e9sent \u00e0 la 26\u00e8me Conf\u00e9rence des Nations-Unies (pr\u00e9sident en photo) sur les changements climatiques (COP26), [&hellip;]<\/p>\n","protected":false},"author":1965,"featured_media":0,"comment_status":"closed","ping_status":"closed","sticky":false,"template":"","format":"standard","meta":{"fifu_image_url":"https:\/\/www.journalducameroun.com\/wp-content\/uploads\/2021\/10\/downloadfile-1.jpg","fifu_image_alt":"Cop26 sur le climat : le Cameroun pr\u00e9sent \u00e0 Glasgow en \u00c9cosse","footnotes":""},"categories":[73,82],"tags":[],"class_list":["post-131547","post","type-post","status-publish","format-standard","hentry","category-actualite","category-cameroun"],"_links":{"self":[{"href":"https:\/\/linitiative.ca\/International\/wp-json\/wp\/v2\/posts\/131547","targetHints":{"allow":["GET"]}}],"collection":[{"href":"https:\/\/linitiative.ca\/International\/wp-json\/wp\/v2\/posts"}],"about":[{"href":"https:\/\/linitiative.ca\/International\/wp-json\/wp\/v2\/types\/post"}],"author":[{"embeddable":true,"href":"https:\/\/linitiative.ca\/International\/wp-json\/wp\/v2\/users\/1965"}],"replies":[{"embeddable":true,"href":"https:\/\/linitiative.ca\/International\/wp-json\/wp\/v2\/comments?post=131547"}],"version-history":[{"count":0,"href":"https:\/\/linitiative.ca\/International\/wp-json\/wp\/v2\/posts\/131547\/revisions"}],"wp:attachment":[{"href":"https:\/\/linitiative.ca\/International\/wp-json\/wp\/v2\/media?parent=131547"}],"wp:term":[{"taxonomy":"category","embeddable":true,"href":"https:\/\/linitiative.ca\/International\/wp-json\/wp\/v2\/categories?post=131547"},{"taxonomy":"post_tag","embeddable":true,"href":"https:\/\/linitiative.ca\/International\/wp-json\/wp\/v2\/tags?post=131547"}],"curies":[{"name":"wp","href":"https:\/\/api.w.org\/{rel}","templated":true}]}}