{"id":131551,"date":"2021-10-31T11:45:53","date_gmt":"2021-10-31T15:45:53","guid":{"rendered":"https:\/\/linitiative.ca\/International\/lentreprise-ombx-corporation-va-realiser-les-travaux-damenagement-du-carrefour-tropicana-a-hauteur-de-50-millions\/"},"modified":"2021-10-31T11:45:53","modified_gmt":"2021-10-31T15:45:53","slug":"lentreprise-ombx-corporation-va-realiser-les-travaux-damenagement-du-carrefour-tropicana-a-hauteur-de-50-millions","status":"publish","type":"post","link":"https:\/\/linitiative.ca\/International\/lentreprise-ombx-corporation-va-realiser-les-travaux-damenagement-du-carrefour-tropicana-a-hauteur-de-50-millions\/","title":{"rendered":"L\u2019entreprise Ombx Corporation va r\u00e9aliser les travaux d\u2019am\u00e9nagement du Carrefour Tropicana \u00e0 hauteur de 50 millions"},"content":{"rendered":"<div>\n<p>Le carrefour Mvan Tropicana, dans l\u2019arrondissement de Yaound\u00e9 IV, pr\u00e9sentera fier allure bient\u00f4t. Et pour cause, le march\u00e9 de l\u2019am\u00e9nagement paysager dudit carrefour lanc\u00e9 par la mairie de la\u00a0\u00a0ville de Yaound\u00e9 vient de rendre sa copie. C\u2019est donc \u00e0 l\u2019entreprise Ombx Corporation que revient le march\u00e9. \u00ab\u00a0Le march\u00e9, objet de l\u2019Avis d\u2019Appel d\u2019Offres National Ouvert n\u00b0022\/AONO\/CUY\/CIPM\/2021 du 09 juillet 2021 pour l\u2019am\u00e9nagement paysager du carrefour Tropicana \u00e0 Mvan, Yaound\u00e9, est attribu\u00e9 aux \u00e9tablissements OMBX CORPORATION, pour un montant de quarante-neuf millions neuf cent quatre-vingt-dix-neuf mille huit cent cinquante-six (49\u00a0999\u00a0856) francs CFA toutes taxes comprises. Le d\u00e9lai d\u2019ex\u00e9cution des prestations est de six (06) mois\u00a0\u00bb, apprend-on d\u2019un communiqu\u00e9 sign\u00e9 par le maire de la ville Luc Messi Atangana.<\/p>\n<p>Sous financement du budget de la Communaut\u00e9 urbain de de Yaound\u00e9, ligne n\u00b0221\u00a0120 (am\u00e9nagements des jardins, places publiques, espaces verts), les travaux relatifs \u00e0 cet appels d\u2019offres consistent \u00e0 des travaux pr\u00e9liminaires, de construction des mobiliers urbains, d\u2019am\u00e9nagement paysager et tout autre suj\u00e9tion n\u00e9cessaire \u00e0 la bonne ex\u00e9cution des travaux.<\/p>\n<p>Lesdits travaux contribuent ainsi \u00e0 l\u2019embellissement de la capitale politique, surtout \u00e0 l\u2019approche de la CAN TotalEnergies, qui se tiendra au Cameroun au mois de janvier 2022.<\/p>\n<p>L\u2019article <a rel=\"nofollow\" href=\"https:\/\/ecomatin.net\/lentreprise-ombx-corporation-va-realiser-r-les-travaux-damenagement-du-carrefour-tropicana-a-hauteur-de-50-millions\/\">L\u2019entreprise Ombx Corporation va r\u00e9aliser les travaux d\u2019am\u00e9nagement du Carrefour Tropicana \u00e0 hauteur de 50 millions<\/a> est apparu en premier sur <a rel=\"nofollow\" href=\"https:\/\/ecomatin.net\/\">EcoMatin<\/a>.<\/p>\n<\/div>\n<p>Auteur: Cindy MBALA<br \/>\n<a href=\"https:\/\/ecomatin.net\/lentreprise-ombx-corporation-va-realiser-r-les-travaux-damenagement-du-carrefour-tropicana-a-hauteur-de-50-millions\/\">Cliquez ici pour lire l&rsquo;article depuis sa source.<\/a><\/p>\n","protected":false},"excerpt":{"rendered":"<p>Le carrefour Mvan Tropicana, dans l\u2019arrondissement de Yaound\u00e9 IV, pr\u00e9sentera fier allure bient\u00f4t. Et pour cause, le march\u00e9 de l\u2019am\u00e9nagement paysager dudit carrefour lanc\u00e9 par la mairie de la\u00a0\u00a0ville de Yaound\u00e9 vient de rendre sa copie. C\u2019est donc \u00e0 l\u2019entreprise Ombx Corporation que revient le march\u00e9. \u00ab\u00a0Le march\u00e9, objet de l\u2019Avis d\u2019Appel d\u2019Offres National Ouvert [&hellip;]<\/p>\n","protected":false},"author":1969,"featured_media":0,"comment_status":"closed","ping_status":"closed","sticky":false,"template":"","format":"standard","meta":{"fifu_image_url":"","fifu_image_alt":"","footnotes":""},"categories":[82,78],"tags":[],"class_list":["post-131551","post","type-post","status-publish","format-standard","hentry","category-cameroun","category-economie"],"_links":{"self":[{"href":"https:\/\/linitiative.ca\/International\/wp-json\/wp\/v2\/posts\/131551","targetHints":{"allow":["GET"]}}],"collection":[{"href":"https:\/\/linitiative.ca\/International\/wp-json\/wp\/v2\/posts"}],"about":[{"href":"https:\/\/linitiative.ca\/International\/wp-json\/wp\/v2\/types\/post"}],"author":[{"embeddable":true,"href":"https:\/\/linitiative.ca\/International\/wp-json\/wp\/v2\/users\/1969"}],"replies":[{"embeddable":true,"href":"https:\/\/linitiative.ca\/International\/wp-json\/wp\/v2\/comments?post=131551"}],"version-history":[{"count":0,"href":"https:\/\/linitiative.ca\/International\/wp-json\/wp\/v2\/posts\/131551\/revisions"}],"wp:attachment":[{"href":"https:\/\/linitiative.ca\/International\/wp-json\/wp\/v2\/media?parent=131551"}],"wp:term":[{"taxonomy":"category","embeddable":true,"href":"https:\/\/linitiative.ca\/International\/wp-json\/wp\/v2\/categories?post=131551"},{"taxonomy":"post_tag","embeddable":true,"href":"https:\/\/linitiative.ca\/International\/wp-json\/wp\/v2\/tags?post=131551"}],"curies":[{"name":"wp","href":"https:\/\/api.w.org\/{rel}","templated":true}]}}