{"id":131662,"date":"2021-11-02T09:30:06","date_gmt":"2021-11-02T13:30:06","guid":{"rendered":"https:\/\/linitiative.ca\/International\/un-mastere-dedie-principalement-aux-infirmiers\/"},"modified":"2021-11-02T09:30:06","modified_gmt":"2021-11-02T13:30:06","slug":"un-mastere-dedie-principalement-aux-infirmiers","status":"publish","type":"post","link":"https:\/\/linitiative.ca\/International\/un-mastere-dedie-principalement-aux-infirmiers\/","title":{"rendered":"Un mast\u00e8re d\u00e9di\u00e9 principalement aux infirmiers"},"content":{"rendered":"<div>\n<p><img loading=\"lazy\" decoding=\"async\" width=\"300\" height=\"153\" src=\"https:\/\/linitiative.ca\/International\/wp-content\/uploads\/sites\/23\/2021\/11\/UM6SS-Casablanca-300x153-1.jpg\" class=\"attachment-medium size-medium wp-post-image\" alt=\"\" srcset=\"https:\/\/linitiative.ca\/International\/wp-content\/uploads\/sites\/23\/2021\/11\/UM6SS-Casablanca-300x153-1.jpg 300w, https:\/\/aujourdhui.ma\/wp-content\/uploads\/2016\/04\/UM6SS-Casablanca.jpg 746w\" sizes=\"auto, (max-width: 300px) 100vw, 300px\"><\/p>\n<p><span style=\"color: #800000;\"><strong>Pratiques avanc\u00e9es en oncologie et soins palliatifs<\/strong><\/span><span id=\"more-390399\"><\/span><\/p>\n<p>L\u2019Universit\u00e9 Mohammed VI des Sciences de la Sant\u00e9 (UM6SS) vient de lancer un mast\u00e8re sp\u00e9cialis\u00e9 en pratiques avanc\u00e9es en oncologie et soins palliatifs. Les participants, au nombre fix\u00e9 \u00e0 25, devront suivre une formation s\u2019\u00e9talant sur 4 semestres \u00e0 la Facult\u00e9 des sciences et techniques de la sant\u00e9. S\u2019adressant principalement aux infirmiers, le mast\u00e8re \u00abPratiques avanc\u00e9es en oncologie et soins palliatifs\u00bb permettra de d\u00e9velopper leurs connaissances, leurs capacit\u00e9s et leurs comp\u00e9tences professionnelles en oncologie afin d\u2019am\u00e9liorer les soins d\u00e9livr\u00e9s aux personnes atteintes de cancer. Cet enseignement vise \u00e0 renforcer le r\u00f4le des infirmiers pour les impliquer au sein d\u2019une \u00e9quipe interdisciplinaire sp\u00e9cialis\u00e9e en oncologie, dans le travail de recherche, dans la gestion et dans l\u2019apprentissage clinique.<\/p>\n<p>La motivation m\u00eame du lancement d\u2019un tel enseignement est d\u2019\u00e9duquer et soutenir la promotion de la sant\u00e9 \u00e0 travers l\u2019octroi d\u2019un bien-\u00eatre des malades du cancer. L\u2019infirmier sera en mesure de recueillir et analyser diff\u00e9rentes informations et sources de donn\u00e9es pour faciliter le choix du malade en fonction du diagnostic. Les principaux modules composant ladite formation renvoient \u00e0 la philosophie des soins et au raisonnement clinique, au droit \u00e0 la sant\u00e9, \u00e0 l\u2019\u00e9thique et \u00e0 la responsabilit\u00e9. La psychologie et sociologie de la sant\u00e9, l\u2019organisation de l\u2019offre de soins en oncologie sont des axes strat\u00e9giques dans le contenu p\u00e9dagogique. Enfin, les modules sp\u00e9cifiques relatifs \u00e0 l\u2019oncologie, aux soins palliatifs et \u00e0 l\u2019approfondissement clinique en pratiques de soins oncologiques repr\u00e9sentent une grande part dans le programme de formation. Pour acc\u00e9der \u00e0 un tel dipl\u00f4me, le participant devra \u00eatre titulaire d\u2019une licence en professions infirmi\u00e8res et techniques de sant\u00e9 (fili\u00e8res soins infirmiers et sage-femme).<\/p>\n<p>Les personnes qui ont une licence ou dipl\u00f4me national du m\u00eame niveau, dipl\u00f4me du 1er cycle des \u00e9tudes param\u00e9dicales des Instituts de formation aux carri\u00e8res de sant\u00e9 dans les sp\u00e9cialit\u00e9s infirmi\u00e8res ou sage-femme ont la possibilit\u00e9 de suivre un tel enseignement. Dans les d\u00e9bouch\u00e9s, ce master permettra aux laur\u00e9ats de poursuivre leurs \u00e9tudes doctorales en sciences infirmi\u00e8res ou en expertise en oncologie ou encore dans le conseil des soins sp\u00e9cialis\u00e9s en oncologie et soins palliatifs. Les frais ont \u00e9t\u00e9 fix\u00e9s \u00e0 45.000 DH par an.<\/p>\n<\/div>\n<p>Auteur: Dounia Essabban<br \/>\n<a href=\"https:\/\/aujourdhui.ma\/emploi\/formation\/un-mastere-dedie-principalement-aux-infirmiers\">Cliquez ici pour lire l&rsquo;article depuis sa source.<\/a><\/p>\n","protected":false},"excerpt":{"rendered":"<p>Pratiques avanc\u00e9es en oncologie et soins palliatifs L\u2019Universit\u00e9 Mohammed VI des Sciences de la Sant\u00e9 (UM6SS) vient de lancer un mast\u00e8re sp\u00e9cialis\u00e9 en pratiques avanc\u00e9es en oncologie et soins palliatifs. Les participants, au nombre fix\u00e9 \u00e0 25, devront suivre une formation s\u2019\u00e9talant sur 4 semestres \u00e0 la Facult\u00e9 des sciences et techniques de la sant\u00e9. [&hellip;]<\/p>\n","protected":false},"author":1759,"featured_media":0,"comment_status":"closed","ping_status":"closed","sticky":false,"template":"","format":"standard","meta":{"fifu_image_url":"https:\/\/aujourdhui.ma\/wp-content\/uploads\/2016\/04\/UM6SS-Casablanca-300x153.jpg","fifu_image_alt":"Un mast\u00e8re d\u00e9di\u00e9 principalement aux infirmiers","footnotes":""},"categories":[73,54],"tags":[],"class_list":["post-131662","post","type-post","status-publish","format-standard","hentry","category-actualite","category-maroc"],"_links":{"self":[{"href":"https:\/\/linitiative.ca\/International\/wp-json\/wp\/v2\/posts\/131662","targetHints":{"allow":["GET"]}}],"collection":[{"href":"https:\/\/linitiative.ca\/International\/wp-json\/wp\/v2\/posts"}],"about":[{"href":"https:\/\/linitiative.ca\/International\/wp-json\/wp\/v2\/types\/post"}],"author":[{"embeddable":true,"href":"https:\/\/linitiative.ca\/International\/wp-json\/wp\/v2\/users\/1759"}],"replies":[{"embeddable":true,"href":"https:\/\/linitiative.ca\/International\/wp-json\/wp\/v2\/comments?post=131662"}],"version-history":[{"count":0,"href":"https:\/\/linitiative.ca\/International\/wp-json\/wp\/v2\/posts\/131662\/revisions"}],"wp:attachment":[{"href":"https:\/\/linitiative.ca\/International\/wp-json\/wp\/v2\/media?parent=131662"}],"wp:term":[{"taxonomy":"category","embeddable":true,"href":"https:\/\/linitiative.ca\/International\/wp-json\/wp\/v2\/categories?post=131662"},{"taxonomy":"post_tag","embeddable":true,"href":"https:\/\/linitiative.ca\/International\/wp-json\/wp\/v2\/tags?post=131662"}],"curies":[{"name":"wp","href":"https:\/\/api.w.org\/{rel}","templated":true}]}}