{"id":131664,"date":"2021-11-02T10:00:56","date_gmt":"2021-11-02T14:00:56","guid":{"rendered":"https:\/\/linitiative.ca\/International\/olivier-tramond-la-tension-avec-lalgerie-la-tunisie-et-le-maroc-nest-surement-pas-liee-a-la-politique-migratoire-de-la-france\/"},"modified":"2021-11-02T10:00:56","modified_gmt":"2021-11-02T14:00:56","slug":"olivier-tramond-la-tension-avec-lalgerie-la-tunisie-et-le-maroc-nest-surement-pas-liee-a-la-politique-migratoire-de-la-france","status":"publish","type":"post","link":"https:\/\/linitiative.ca\/International\/olivier-tramond-la-tension-avec-lalgerie-la-tunisie-et-le-maroc-nest-surement-pas-liee-a-la-politique-migratoire-de-la-france\/","title":{"rendered":"Olivier Tramond : \u00abLa tension avec l\u2019Alg\u00e9rie, la Tunisie et le Maroc n\u2019est  s\u00fbrement pas li\u00e9e \u00e0 la politique migratoire de la France\u00bb"},"content":{"rendered":"<div>\n<p><img loading=\"lazy\" decoding=\"async\" width=\"300\" height=\"153\" src=\"https:\/\/linitiative.ca\/International\/wp-content\/uploads\/sites\/23\/2021\/11\/Tramond-hi-res-300x153-1.jpg\" class=\"attachment-medium size-medium wp-post-image\" alt=\"\" srcset=\"https:\/\/linitiative.ca\/International\/wp-content\/uploads\/sites\/23\/2021\/11\/Tramond-hi-res-300x153-1.jpg 300w, https:\/\/aujourdhui.ma\/wp-content\/uploads\/2021\/11\/Tramond-hi-res-274x140.jpg 274w, https:\/\/aujourdhui.ma\/wp-content\/uploads\/2021\/11\/Tramond-hi-res.jpg 746w, https:\/\/aujourdhui.ma\/wp-content\/uploads\/2021\/11\/Tramond-hi-res-165x84.jpg 165w, https:\/\/aujourdhui.ma\/wp-content\/uploads\/2021\/11\/Tramond-hi-res-702x358.jpg 702w\" sizes=\"auto, (max-width: 300px) 100vw, 300px\"><\/p>\n<p><span style=\"color: #800000; font-size: 19px;\"><strong>Entretien avec Olivier Tramond, g\u00e9n\u00e9ral de corps d\u2019arm\u00e9e fran\u00e7aise<\/strong><\/span><span id=\"more-390412\"><\/span><\/p>\n<div class=\"base-box mom_box_sc_custom mom_box_sc clear\" style=\"-moz-border-radius: 5px; border-radius: 5px;background-color:#fddeef;\">\n<p>Vendredi dernier, le Policy Center for the New South (PCNS) \u00e0 Rabat et le Centre HEC de g\u00e9opolitique \u00e0 Paris ont organis\u00e9 une nouvelle \u00e9dition des \u00abDialogues strat\u00e9giques\u00bb consacr\u00e9e \u00e0 \u00abl\u2019impuissance de la puissance et l\u2019Indo-Pacifique : contours et enjeux\u00bb. Une r\u00e9gion dont les contours et les impacts sont explicit\u00e9s, dans cet entretien, par le g\u00e9n\u00e9ral fran\u00e7ais Olivier Tramond qui a fait, lors de cet \u00e9v\u00e9nement, deux interventions sur \u00ables possibles cons\u00e9quences de l\u2019Afghanistan sur la bande sah\u00e9lo-saharienne\u00bb et \u00abla strat\u00e9gie am\u00e9ricaine dans la zone indo-pacifique\u00bb. L\u2019occasion de l\u2019interroger sur l\u2019extension des r\u00e9percussions de cette r\u00e9gion sur l\u2019Afrique du Nord.\u00a0 \u00a0<\/p>\n<\/div>\n<p><strong><span style=\"color: #ff0000;\">ALM\u00a0<\/span>: Plusieurs faits marquent la zone indo-pacifique, quelle est l\u2019actualit\u00e9 qui a fait que vous vous y int\u00e9ressiez lors de cet \u00e9v\u00e9nement\u00a0? <\/strong><\/p>\n<p><span style=\"color: #ff0000;\"><strong>Olivier Tramond<\/strong><\/span>\u00a0: L\u2019actualit\u00e9 est celle d\u2019un basculement de la grande strat\u00e9gie mondiale. L\u2019essentiel de l\u2019activit\u00e9 strat\u00e9gique, \u00e9conomique \u00e9tait bas\u00e9 sur la relation entre l\u2019Am\u00e9rique du Nord et l\u2019Europe, notamment les mouvements commerciaux entre autres. De plus en plus c\u2019est l\u2019Asie qui capte les richesses et l\u2019int\u00e9r\u00eat du d\u00e9veloppement. Dans le nouveau concept indo-pacifique on passe d\u2019une notion Asie Pacifique qui comprend l\u2019oc\u00e9an Pacifique et les pays d\u2019Asie orientale, donc la Chine, le Vietnam, etc., \u00e0 l\u2019indo-pacifique, une zone \u00e9norme qui va des c\u00f4tes de la Californie jusqu\u2019\u00e0 l\u2019Afrique, c\u2019est \u00e7a le nouveau sujet. L\u2019essentiel du commerce mondial, soit le p\u00e9trole, entre autres, passe dans cette zone donc pas seulement le pacifique et pas seulement l\u2019oc\u00e9an Indien. Aussi, les Am\u00e9ricains sont inquiets de la mont\u00e9e en puissance de la Chine qui a une politique en apparence pacifique de d\u00e9veloppement avec la nouvelle route de la soie, des investissements sur tout ce trajet que ce soit de l\u2019oc\u00e9an Indien m\u00eame en Afrique peut-\u00eatre m\u00eame jusqu\u2019en Europe parce que les Chinois ont rachet\u00e9 le port grec d\u2019Ath\u00e8nes. Tout cela pr\u00e9occupe les Am\u00e9ricains qui voient une nouvelle puissance les concurrencer dans leur zone propre, soit l\u2019oc\u00e9an Indien et la M\u00e9diterran\u00e9e.<\/p>\n<p>Il y a des flottes am\u00e9ricaines qui ma\u00eetrisent cela. Donc les nouvelles strat\u00e9gies am\u00e9ricaines qui \u00e9taient mises en place s\u2019appellent indo-pacifiques et pas Asie-Pacifique. Et c\u2019est le sujet du colloque du vendredi. Pour ma part, je suis venu parce que j\u2019ai command\u00e9 il y a dix ans les forces fran\u00e7aises dans le pacifique\u00a0; la France est une puissance du Pacifique. C\u2019est le seul pays europ\u00e9en \u00e0 avoir des populations, des int\u00e9r\u00eats, des zones \u00e9conomiques et des militaires dans le Pacifique. Donc nous sommes un acteur important. Il y a aussi un \u00e9l\u00e9ment d\u2019actualit\u00e9 qui est le fameux march\u00e9 des sous-marins entre la France et l\u2019Australie qui a \u00e9t\u00e9 cass\u00e9 par un futur march\u00e9 avec les Am\u00e9ricains. Donc nous sommes dans une p\u00e9riode o\u00f9 chacun doit trouver sa place dans cette zone et la France revendique une place propre qui n\u2019est pas inf\u00e9od\u00e9e aux Am\u00e9ricains mais qui est une esp\u00e8ce de troisi\u00e8me voie et de mani\u00e8re l\u00e9gitime parce que nous avons une pr\u00e9sence historique, des populations, plusieurs millions de Fran\u00e7ais, francophones qui habitent dans le Pacifique et l\u2019oc\u00e9an Indien, la R\u00e9union, la Nouvelle-Cal\u00e9donie, Wallis-et-Futuna, Tahiti, nous avons beaucoup de territoires fran\u00e7ais et nous avons des militaires. A mon tour, j\u2019ai command\u00e9 ceux du Pacifique, donc nous sommes l\u00e9gitimes \u00e0 en parler. Nous ne sommes pas anti-am\u00e9ricains mais nous pensons qu\u2019ils doivent nous \u00e9couter. Nous avons une voix en nous-m\u00eames.<\/p>\n<p><strong>Lors de votre intervention, vous avez parl\u00e9 du Sud de l\u2019Afrique (Mali et Tchad entre autres), mais nous ne vous avons pas entendu parler des r\u00e9percussions de l\u2019Afghanistan sur l\u2019Afrique du Nord. Qu\u2019en dites-vous\u00a0? <\/strong><\/p>\n<p>Dans le s\u00e9minaire, il m\u2019a \u00e9t\u00e9 plut\u00f4t demand\u00e9 de r\u00e9agir sur le possible impact de l\u2019\u00e9chec am\u00e9ricain \u00e0 Kaboul sur la situation au Mali. J\u2019ai aussi parl\u00e9 de la strat\u00e9gie am\u00e9ricaine au Pacifique. Sur le Maghreb, je pense que vous parlez des trois grands pays francophones, alli\u00e9s de la France qui sont m\u00e9diterran\u00e9ens. Je dois dire \u00e0 titre personnel que j\u2019aime le Maroc, j\u2019ai confiance dans le Royaume. J\u2019\u00e9tais tr\u00e8s content d\u2019\u00eatre l\u00e0. Le Maroc est un alli\u00e9 historique et tr\u00e8s important pour la France. Pour les cons\u00e9quences, il y a actuellement un d\u00e9bat int\u00e9rieur dans l\u2019Hexagone, parce que nous sommes \u00e0 la veille des \u00e9lections, sur la question de l\u2019immigration. Il y a des partis qui veulent arr\u00eater l\u2019immigration. Logiquement, il y a une r\u00e9vision du nombre de visas vu \u00e0 la baisse de 50%. C\u2019est un irritant pour certains pays du Maghreb. L\u2019Alg\u00e9rie l\u2019a mal pris puisqu\u2019elle a eu des mesures tr\u00e8s pratiques, notamment sur l\u2019activit\u00e9 militaire avec les Fran\u00e7ais. Donc l\u2019impact et l\u2019esp\u00e8ce de tension en ce moment avec l\u2019Alg\u00e9rie, la Tunisie et le Maroc n\u2019est s\u00fbrement pas li\u00e9e \u00e0 la politique migratoire de la France. Mais je ne peux pas vous en dire plus que je ne connais pas.<\/p>\n<p><strong>Revenons \u00e0 la zone indo-pacifique. Qu\u2019en est-il de son avenir selon vous\u00a0? <\/strong><\/p>\n<p>Les \u00e9conomistes, les analystes et tous les strat\u00e8ges disent que cela va \u00eatre le nouveau centre de gravit\u00e9 du monde. Actuellement, je crois que 40% du PIB du monde dans ces pays riverains va augmenter \u00e0 50%. De plus, la Chine est en passe de devenir la premi\u00e8re puissance \u00e9conomique. Ensuite, il y a un ph\u00e9nom\u00e8ne sociologique et \u00e9conomique tr\u00e8s int\u00e9ressant en Asie, c\u2019est la mont\u00e9e des classes moyennes, c\u2019est-\u00e0-dire que c\u2019est une chose qu\u2019on ne voit pas ailleurs. Dans ces pays d\u2019Asie nous voyons beaucoup de classes moyennes qui sont des consommateurs. Donc cela donne du dynamisme \u00e0 l\u2019\u00e9conomie. C\u2019est un \u00e9l\u00e9ment important et tout cela fait que le nouveau centre de gravit\u00e9 du monde sera au XXI\u00e8me si\u00e8cle l\u2019Asie pacifique.<\/p>\n<\/div>\n<p>Auteur: Salima Guisser<br \/>\n<a href=\"https:\/\/aujourdhui.ma\/actualite\/olivier-tramond-la-tension-avec-lalgerie-la-tunisie-et-le-maroc-nest-surement-pas-liee-a-la-politique-migratoire-de-la-france\">Cliquez ici pour lire l&rsquo;article depuis sa source.<\/a><\/p>\n","protected":false},"excerpt":{"rendered":"<p>Entretien avec Olivier Tramond, g\u00e9n\u00e9ral de corps d\u2019arm\u00e9e fran\u00e7aise Vendredi dernier, le Policy Center for the New South (PCNS) \u00e0 Rabat et le Centre HEC de g\u00e9opolitique \u00e0 Paris ont organis\u00e9 une nouvelle \u00e9dition des \u00abDialogues strat\u00e9giques\u00bb consacr\u00e9e \u00e0 \u00abl\u2019impuissance de la puissance et l\u2019Indo-Pacifique : contours et enjeux\u00bb. Une r\u00e9gion dont les contours et [&hellip;]<\/p>\n","protected":false},"author":1759,"featured_media":0,"comment_status":"closed","ping_status":"closed","sticky":false,"template":"","format":"standard","meta":{"fifu_image_url":"https:\/\/aujourdhui.ma\/wp-content\/uploads\/2021\/11\/Tramond-hi-res-300x153.jpg","fifu_image_alt":"Olivier Tramond : \u00abLa tension avec l\u2019Alg\u00e9rie, la Tunisie et le Maroc n\u2019est  s\u00fbrement pas li\u00e9e \u00e0 la politique migratoire de la France\u00bb","footnotes":""},"categories":[73,54],"tags":[],"class_list":["post-131664","post","type-post","status-publish","format-standard","hentry","category-actualite","category-maroc"],"_links":{"self":[{"href":"https:\/\/linitiative.ca\/International\/wp-json\/wp\/v2\/posts\/131664","targetHints":{"allow":["GET"]}}],"collection":[{"href":"https:\/\/linitiative.ca\/International\/wp-json\/wp\/v2\/posts"}],"about":[{"href":"https:\/\/linitiative.ca\/International\/wp-json\/wp\/v2\/types\/post"}],"author":[{"embeddable":true,"href":"https:\/\/linitiative.ca\/International\/wp-json\/wp\/v2\/users\/1759"}],"replies":[{"embeddable":true,"href":"https:\/\/linitiative.ca\/International\/wp-json\/wp\/v2\/comments?post=131664"}],"version-history":[{"count":0,"href":"https:\/\/linitiative.ca\/International\/wp-json\/wp\/v2\/posts\/131664\/revisions"}],"wp:attachment":[{"href":"https:\/\/linitiative.ca\/International\/wp-json\/wp\/v2\/media?parent=131664"}],"wp:term":[{"taxonomy":"category","embeddable":true,"href":"https:\/\/linitiative.ca\/International\/wp-json\/wp\/v2\/categories?post=131664"},{"taxonomy":"post_tag","embeddable":true,"href":"https:\/\/linitiative.ca\/International\/wp-json\/wp\/v2\/tags?post=131664"}],"curies":[{"name":"wp","href":"https:\/\/api.w.org\/{rel}","templated":true}]}}