{"id":131666,"date":"2021-11-02T11:10:09","date_gmt":"2021-11-02T15:10:09","guid":{"rendered":"https:\/\/linitiative.ca\/International\/cop26-m-akhannouch-sentretient-avec-le-ministre-emirati-de-lindustrie\/"},"modified":"2021-11-02T11:10:09","modified_gmt":"2021-11-02T15:10:09","slug":"cop26-m-akhannouch-sentretient-avec-le-ministre-emirati-de-lindustrie","status":"publish","type":"post","link":"https:\/\/linitiative.ca\/International\/cop26-m-akhannouch-sentretient-avec-le-ministre-emirati-de-lindustrie\/","title":{"rendered":"COP26: M. Akhannouch s\u2019entretient avec le ministre \u00e9mirati de l\u2019Industrie"},"content":{"rendered":"<div>\n<p><img loading=\"lazy\" decoding=\"async\" width=\"300\" height=\"153\" src=\"https:\/\/linitiative.ca\/International\/wp-content\/uploads\/sites\/23\/2021\/11\/M.-Akhannouch-sentretient-avec-le-ministre-emirati-de-lIndustrie-cop26-300x153-1.jpg\" class=\"attachment-medium size-medium wp-post-image\" alt=\"\" srcset=\"https:\/\/linitiative.ca\/International\/wp-content\/uploads\/sites\/23\/2021\/11\/M.-Akhannouch-sentretient-avec-le-ministre-emirati-de-lIndustrie-cop26-300x153-1.jpg 300w, https:\/\/aujourdhui.ma\/wp-content\/uploads\/2021\/11\/M.-Akhannouch-sentretient-avec-le-ministre-emirati-de-lIndustrie-cop26-274x140.jpg 274w, https:\/\/aujourdhui.ma\/wp-content\/uploads\/2021\/11\/M.-Akhannouch-sentretient-avec-le-ministre-emirati-de-lIndustrie-cop26.jpg 746w, https:\/\/aujourdhui.ma\/wp-content\/uploads\/2021\/11\/M.-Akhannouch-sentretient-avec-le-ministre-emirati-de-lIndustrie-cop26-165x84.jpg 165w, https:\/\/aujourdhui.ma\/wp-content\/uploads\/2021\/11\/M.-Akhannouch-sentretient-avec-le-ministre-emirati-de-lIndustrie-cop26-702x358.jpg 702w\" sizes=\"auto, (max-width: 300px) 100vw, 300px\"><\/p>\n<p><span style=\"color: #800000;\"><strong>Le Chef de gouvernement Aziz Akhannouch s\u2019est entretenu, mardi en marge des travaux de la 26e Conf\u00e9rence des Parties des Nations Unies sur le changement climatique (COP26), avec le ministre \u00e9mirati de l\u2019Industrie et des Technologies avanc\u00e9es, Sultan bin Ahmad Al Jaber.<\/strong><\/span><span id=\"more-390425\"><\/span><\/p>\n<p>Dans une d\u00e9claration \u00e0 la presse \u00e0 l\u2019issue de cette entrevue, le ministre \u00e9mirati a indiqu\u00e9 que les deux pays \u0153uvrent ensemble au renforcement de la coop\u00e9ration dans les domaines de l\u2019\u00e9nergie, des \u00e9nergies renouvelables et de l\u2019action climatique.<\/p>\n<p>Il s\u2019est, en outre, dit \u00ab\u00a0fier des liens historiques strat\u00e9giques et fraternels qui unissent les \u00c9mirats Arabes Unis et le Royaume du Maroc\u00a0\u00bb.<br \/>\nPour sa part, M. Akhannouch a salu\u00e9 le r\u00f4le jou\u00e9 par les \u00c9mirats arabes unis dans la transition \u00e9nerg\u00e9tique \u00e0 travers le monde, gr\u00e2ce \u00e0 ses multiples investissements dans le domaine des \u00e9nergies renouvelables.<br \/>\nIl a par ailleurs indiqu\u00e9 que le discours de SM le Roi Mohammed VI adress\u00e9 \u00e0 la COP 26 rev\u00eat une importance capitale puisqu\u2019il insiste sur la n\u00e9cessit\u00e9 de passer \u00e0 l\u2019action, une voie que le Maroc a d\u00e9j\u00e0 emprunt\u00e9e en apportant son concours \u00e0 l\u2019action climatique mondiale, tout en impl\u00e9mentant au niveau national l\u2019ensemble des mesures d\u00e9cid\u00e9es lors des pr\u00e9c\u00e9dents sommets du climat.<br \/>\nC\u2019est dans cette optique, a-t-il ajout\u00e9, que les investissements dans nombreux secteurs au Maroc prennent en consid\u00e9ration la question de la durabilit\u00e9.<\/p>\n<\/div>\n<p>Auteur: ALM<br \/>\n<a href=\"https:\/\/aujourdhui.ma\/politique\/cop26-m-akhannouch-sentretient-avec-le-ministre-emirati-de-lindustrie\">Cliquez ici pour lire l&rsquo;article depuis sa source.<\/a><\/p>\n","protected":false},"excerpt":{"rendered":"<p>Le Chef de gouvernement Aziz Akhannouch s\u2019est entretenu, mardi en marge des travaux de la 26e Conf\u00e9rence des Parties des Nations Unies sur le changement climatique (COP26), avec le ministre \u00e9mirati de l\u2019Industrie et des Technologies avanc\u00e9es, Sultan bin Ahmad Al Jaber. Dans une d\u00e9claration \u00e0 la presse \u00e0 l\u2019issue de cette entrevue, le ministre [&hellip;]<\/p>\n","protected":false},"author":1759,"featured_media":0,"comment_status":"closed","ping_status":"closed","sticky":false,"template":"","format":"standard","meta":{"fifu_image_url":"https:\/\/aujourdhui.ma\/wp-content\/uploads\/2021\/11\/M.-Akhannouch-sentretient-avec-le-ministre-emirati-de-lIndustrie-cop26-300x153.jpg","fifu_image_alt":"COP26: M. Akhannouch s\u2019entretient avec le ministre \u00e9mirati de l\u2019Industrie","footnotes":""},"categories":[73,54],"tags":[],"class_list":["post-131666","post","type-post","status-publish","format-standard","hentry","category-actualite","category-maroc"],"_links":{"self":[{"href":"https:\/\/linitiative.ca\/International\/wp-json\/wp\/v2\/posts\/131666","targetHints":{"allow":["GET"]}}],"collection":[{"href":"https:\/\/linitiative.ca\/International\/wp-json\/wp\/v2\/posts"}],"about":[{"href":"https:\/\/linitiative.ca\/International\/wp-json\/wp\/v2\/types\/post"}],"author":[{"embeddable":true,"href":"https:\/\/linitiative.ca\/International\/wp-json\/wp\/v2\/users\/1759"}],"replies":[{"embeddable":true,"href":"https:\/\/linitiative.ca\/International\/wp-json\/wp\/v2\/comments?post=131666"}],"version-history":[{"count":0,"href":"https:\/\/linitiative.ca\/International\/wp-json\/wp\/v2\/posts\/131666\/revisions"}],"wp:attachment":[{"href":"https:\/\/linitiative.ca\/International\/wp-json\/wp\/v2\/media?parent=131666"}],"wp:term":[{"taxonomy":"category","embeddable":true,"href":"https:\/\/linitiative.ca\/International\/wp-json\/wp\/v2\/categories?post=131666"},{"taxonomy":"post_tag","embeddable":true,"href":"https:\/\/linitiative.ca\/International\/wp-json\/wp\/v2\/tags?post=131666"}],"curies":[{"name":"wp","href":"https:\/\/api.w.org\/{rel}","templated":true}]}}