{"id":131692,"date":"2021-11-02T10:34:33","date_gmt":"2021-11-02T14:34:33","guid":{"rendered":"https:\/\/linitiative.ca\/International\/previsions-meteorologiques-pour-le-mercredi-03-novembre-2021\/"},"modified":"2021-11-02T10:34:33","modified_gmt":"2021-11-02T14:34:33","slug":"previsions-meteorologiques-pour-le-mercredi-03-novembre-2021","status":"publish","type":"post","link":"https:\/\/linitiative.ca\/International\/previsions-meteorologiques-pour-le-mercredi-03-novembre-2021\/","title":{"rendered":"Pr\u00e9visions m\u00e9t\u00e9orologiques pour le mercredi 03 novembre 2021"},"content":{"rendered":"<div>\n<div style=\"margin-bottom:20px;\"><img loading=\"lazy\" decoding=\"async\" width=\"750\" height=\"430\" src=\"https:\/\/linitiative.ca\/International\/wp-content\/uploads\/sites\/23\/2021\/11\/nuage_mC3A9tC3A9o_ciel.jpg\" class=\"attachment-post-thumbnail size-post-thumbnail wp-post-image\" alt=\"\" srcset=\"https:\/\/linitiative.ca\/International\/wp-content\/uploads\/sites\/23\/2021\/11\/nuage_mC3A9tC3A9o_ciel.jpg 750w, http:\/\/www.mapmarrakech.ma\/map\/uploads\/2021\/11\/nuage_m\u00e9t\u00e9o_ciel-300x172.jpg 300w\" sizes=\"auto, (max-width: 750px) 100vw, 750px\"><\/div>\n<p>\u2013 Nuages bas denses sur les c\u00f4tes Centre entre Agadir et Tarfaya avec bruine locale.<\/p>\n<p>\u2013 Pluies et averses sur le Nord de l\u2019Oriental, le Rif, la M\u00e9diterran\u00e9e, le Gharb, le Tang\u00e9rois, le Saiss, Loukkous, le Moyen Atlas, les plateaux de phosphates, Oulm\u00e8s et Tadla.<\/p>\n<p>\u2013 Pluies \u00e9parses sur Chaouia, Doukkala, le Nord de l\u2019Oriental, les c\u00f4tes au Nord de Safi et le Haut Atlas.<\/p>\n<p>\u2013 Rafales de vent assez fortes locales sur la M\u00e9diterran\u00e9e, l\u2019Oriental et le Moyen Atlas.<\/p>\n<p>\u2013 Temp\u00e9ratures minimales de l\u2019ordre de 04\/10\u00b0C sur les reliefs, de 10\/15\u00b0C sur l\u2019Oriental, le Rif et les versants Sud-Est et de 15\/22\u00b0C ailleurs.<\/p>\n<p>\u2013 Temp\u00e9ratures maximales de l\u2019ordre de 15\/20\u00b0C sur l\u2019Atlas, le Saiss et les plaines atlantiques nord et int\u00e9rieures Nord, 20\/25\u00b0C sur l\u2019Oriental, le Souss, les r\u00e9gions Centre et le Nord-Ouest des provinces Sud, 30\/36\u00b0C sur l\u2019extr\u00eame Sud-Est et le Sud des provinces sahariennes et de 25\/30\u00b0C ailleurs.<\/p>\n<p>\u2013 Mer peu agit\u00e9e \u00e0 agit\u00e9e sur la M\u00e9diterran\u00e9e et le D\u00e9troit, agit\u00e9e \u00e0 forte entre Asilah et Tarfaya ainsi que peu agit\u00e9e \u00e0 agit\u00e9e ailleurs.<\/p>\n<p>\u00a0<\/p>\n<p>The post <a rel=\"nofollow\" href=\"http:\/\/www.mapmarrakech.ma\/fr\/previsions-meteorologiques-pour-le-mercredi-03-novembre-2021\/\">Pr\u00e9visions m\u00e9t\u00e9orologiques pour le mercredi 03 novembre 2021<\/a> appeared first on <a rel=\"nofollow\" href=\"http:\/\/www.mapmarrakech.ma\/fr\">MapMarrakech<\/a>.<\/p>\n<\/div>\n<p>Auteur: Meriem IGASS<br \/>\n<a href=\"http:\/\/www.mapmarrakech.ma\/fr\/previsions-meteorologiques-pour-le-mercredi-03-novembre-2021\/\">Cliquez ici pour lire l&rsquo;article depuis sa source.<\/a><\/p>\n","protected":false},"excerpt":{"rendered":"<p>\u2013 Nuages bas denses sur les c\u00f4tes Centre entre Agadir et Tarfaya avec bruine locale. \u2013 Pluies et averses sur le Nord de l\u2019Oriental, le Rif, la M\u00e9diterran\u00e9e, le Gharb, le Tang\u00e9rois, le Saiss, Loukkous, le Moyen Atlas, les plateaux de phosphates, Oulm\u00e8s et Tadla. \u2013 Pluies \u00e9parses sur Chaouia, Doukkala, le Nord de l\u2019Oriental, [&hellip;]<\/p>\n","protected":false},"author":1788,"featured_media":0,"comment_status":"closed","ping_status":"closed","sticky":false,"template":"","format":"standard","meta":{"fifu_image_url":"http:\/\/www.mapmarrakech.ma\/map\/uploads\/2021\/11\/nuage_m\u00e9t\u00e9o_ciel.jpg","fifu_image_alt":"Pr\u00e9visions m\u00e9t\u00e9orologiques pour le mercredi 03 novembre 2021","footnotes":""},"categories":[54,76],"tags":[],"class_list":["post-131692","post","type-post","status-publish","format-standard","hentry","category-maroc","category-regions"],"_links":{"self":[{"href":"https:\/\/linitiative.ca\/International\/wp-json\/wp\/v2\/posts\/131692","targetHints":{"allow":["GET"]}}],"collection":[{"href":"https:\/\/linitiative.ca\/International\/wp-json\/wp\/v2\/posts"}],"about":[{"href":"https:\/\/linitiative.ca\/International\/wp-json\/wp\/v2\/types\/post"}],"author":[{"embeddable":true,"href":"https:\/\/linitiative.ca\/International\/wp-json\/wp\/v2\/users\/1788"}],"replies":[{"embeddable":true,"href":"https:\/\/linitiative.ca\/International\/wp-json\/wp\/v2\/comments?post=131692"}],"version-history":[{"count":0,"href":"https:\/\/linitiative.ca\/International\/wp-json\/wp\/v2\/posts\/131692\/revisions"}],"wp:attachment":[{"href":"https:\/\/linitiative.ca\/International\/wp-json\/wp\/v2\/media?parent=131692"}],"wp:term":[{"taxonomy":"category","embeddable":true,"href":"https:\/\/linitiative.ca\/International\/wp-json\/wp\/v2\/categories?post=131692"},{"taxonomy":"post_tag","embeddable":true,"href":"https:\/\/linitiative.ca\/International\/wp-json\/wp\/v2\/tags?post=131692"}],"curies":[{"name":"wp","href":"https:\/\/api.w.org\/{rel}","templated":true}]}}