{"id":131696,"date":"2021-11-02T14:07:21","date_gmt":"2021-11-02T18:07:21","guid":{"rendered":"https:\/\/linitiative.ca\/International\/saidia-un-bootcamp-pour-accompagner-les-jeunes-dans-lentrepreneuriat\/"},"modified":"2021-11-02T14:07:21","modified_gmt":"2021-11-02T18:07:21","slug":"saidia-un-bootcamp-pour-accompagner-les-jeunes-dans-lentrepreneuriat","status":"publish","type":"post","link":"https:\/\/linitiative.ca\/International\/saidia-un-bootcamp-pour-accompagner-les-jeunes-dans-lentrepreneuriat\/","title":{"rendered":"Saidia: Un Bootcamp pour accompagner les jeunes dans l\u2019entrepreneuriat"},"content":{"rendered":"<div>\n<div style=\"margin-bottom:20px;\"><img loading=\"lazy\" decoding=\"async\" width=\"750\" height=\"430\" src=\"https:\/\/linitiative.ca\/International\/wp-content\/uploads\/sites\/23\/2021\/11\/Inauguration-dune-plateforme-des-jeunes-750C397430-MAP.jpg\" class=\"attachment-post-thumbnail size-post-thumbnail wp-post-image\" alt=\"\" srcset=\"https:\/\/linitiative.ca\/International\/wp-content\/uploads\/sites\/23\/2021\/11\/Inauguration-dune-plateforme-des-jeunes-750C397430-MAP.jpg 750w, http:\/\/www.mapoujda.ma\/map\/uploads\/2021\/08\/Inauguration-dune-plateforme-des-jeunes-750\u00d7430-MAP-300x172.jpg 300w\" sizes=\"auto, (max-width: 750px) 100vw, 750px\"><\/div>\n<p style=\"text-align: justify;\">La ville de Saidia a accueilli, du 28 au 31 octobre dernier, le Bootcamp Business Berkane (3B 2021), un \u00e9v\u00e8nement destin\u00e9 \u00e0 la formation et l\u2019accompagnement des jeunes porteurs de projets de la province de Berkane.<\/p>\n<p style=\"text-align: justify;\">Organis\u00e9 par la Plateforme des jeunes de Berkane dans le cadre de l\u2019Initiative nationale pour le d\u00e9veloppement humain (INDH), ce Bootcamp a connu la participation de 48 jeunes porteurs de projets et d\u2019id\u00e9es de projets, s\u00e9lectionn\u00e9s \u00e0 l\u2019issue d\u2019un concours d\u2019id\u00e9es de projets lanc\u00e9 r\u00e9cemment par le Comit\u00e9 provincial de d\u00e9veloppement humain.<\/p>\n<p style=\"text-align: justify;\">Cette initiative fait partie du programme d\u2019am\u00e9lioration du revenu et d\u2019inclusion \u00e9conomique des jeunes relevant de la 3\u00e8me phase de l\u2019INDH (2019-2023), en vue d\u2019apporter un accompagnement technique, administratif et financier aux jeunes porteurs de projets, \u00e0 m\u00eame d\u2019assurer la durabilit\u00e9 des PME et coop\u00e9ratives cr\u00e9\u00e9es et des activit\u00e9s des auto-entrepreneurs.<\/p>\n<p style=\"text-align: justify;\">Dans une d\u00e9claration \u00e0 la cha\u00eene d\u2019information de la MAP (M24), Siham Laz\u00e2ar, cheffe du service d\u2019am\u00e9lioration du revenu et d\u2019insertion \u00e9conomique des jeunes \u00e0 la province de Berkane, a expliqu\u00e9 que ce Bootcamp comprend plusieurs ateliers, formations et activit\u00e9s au profit des porteurs de projets qui ont \u00e9t\u00e9 pr\u00e9s\u00e9lectionn\u00e9s lors du concours d\u2019id\u00e9es de projets, afin de les aider \u00e0 mettre en place leurs \u00e9tudes de faisabilit\u00e9 et business model des projets.<\/p>\n<p style=\"text-align: justify;\">Au total 118 porteurs de projets ont particip\u00e9 au concours d\u2019id\u00e9es et 48 ont \u00e9t\u00e9 s\u00e9lectionn\u00e9s pour prendre part \u00e0 la rencontre de Saidia, a-t-elle pr\u00e9cis\u00e9, ajoutant que les jeunes b\u00e9n\u00e9ficiaires de cette formation vont pouvoir pr\u00e9senter et d\u00e9fendre leurs projets en vue d\u2019obtenir l\u2019approbation de la commission provinciale de d\u00e9veloppement humain.<\/p>\n<p style=\"text-align: justify;\">De son c\u00f4t\u00e9, Anas Kedar, responsable \u00e0 la Plateforme des jeunes de Berkane, a soulign\u00e9 que ce Bootcamp a pour objectif de d\u00e9velopper les connaissances des jeunes dans le domaine de l\u2019entrepreneuriat, car souvent les porteurs d\u2019id\u00e9es de projets \u00abne disposent pas des outils n\u00e9cessaires pour la commercialisation de leurs produits\u00bb.<\/p>\n<p style=\"text-align: justify;\">Ainsi, cet \u00e9v\u00e8nement a mis l\u2019accent sur les questions de l\u2019\u00e9laboration de l\u2019\u00e9tude de faisabilit\u00e9 du projet ou le business model canvas, ainsi que sur les techniques de pr\u00e9sentation et de marketing des projets, a-t-il affirm\u00e9, ajoutant qu\u2019il s\u2019agit de doter les jeunes des outils n\u00e9cessaires pour qu\u2019ils puissent d\u00e9fendre par eux-m\u00eames leurs projets.<\/p>\n<p style=\"text-align: justify;\">Dans le m\u00eame sens, Zakaria El Kabbaj, formateur \u00e0 la Plateforme des jeunes de Berkane, a relev\u00e9 que ce Bootcamp a port\u00e9 aussi bien sur l\u2019aspect th\u00e9orique que pratique de l\u2019entrepreneuriat, en mettant l\u2019accent sur l\u2019analyse des projets, l\u2019\u00e9laboration de business models, d\u2019\u00e9tudes de faisabilit\u00e9 et de plans d\u2019action, dans une approche d\u2019accompagnement int\u00e9gral en allant \u00e9tape par \u00e9tape.<\/p>\n<p style=\"text-align: justify;\">\u00abCette approche d\u00e9coule d\u2019un constat : nous n\u2019avons pas de d\u00e9ficit d\u2019id\u00e9es d\u2019entrepreneuriat au Maroc, le probl\u00e8me c\u2019est la mise en \u0153uvre des id\u00e9es sur le terrain, et notre objectif est que le taux de r\u00e9ussite des projets augmente\u00bb, a dit M. El Kabbaj.<\/p>\n<p style=\"text-align: justify;\">Approch\u00e9s par la MAP, plusieurs participants \u00e0 ce Bootcamp ont salu\u00e9 cette initiative qui leur a permis de rencontrer des entrepreneurs, responsables de coop\u00e9ratives et experts, pour discuter de plusieurs th\u00e8mes relatifs \u00e0 la cr\u00e9ation d\u2019entreprises, en plus de b\u00e9n\u00e9ficier de l\u2019encadrement de coaches sp\u00e9cialis\u00e9s, qui ont apport\u00e9 leur exp\u00e9rience et savoir-faire dans ce domaine.<\/p>\n<p style=\"text-align: justify;\">\u00abNous avons beaucoup appris dans ce Bootcamp sur des aspects que nous ne connaissions pas en mati\u00e8re d\u2019entrepreneuriat. Cela nous permet de corriger certaines erreurs dans la conception et la mise en \u0153uvre du projet, mais aussi de tisser des liens avec d\u2019autres participants, \u00e0 m\u00eame de favoriser la cr\u00e9ation d\u2019un r\u00e9seau de jeunes entrepreneurs de Berkane\u00bb, s\u2019est f\u00e9licit\u00e9 Abdelilah Salhi, jeune participant de 32 ans.<\/p>\n<p>L\u2019article <a rel=\"nofollow\" href=\"http:\/\/www.mapoujda.ma\/fr\/saidia-un-bootcamp-pour-accompagner-les-jeunes-dans-lentrepreneuriat\/\">Saidia: Un Bootcamp pour accompagner les jeunes dans l\u2019entrepreneuriat<\/a> est apparu en premier sur <a rel=\"nofollow\" href=\"http:\/\/www.mapoujda.ma\/fr\">MapOujda<\/a>.<\/p>\n<\/div>\n<p>Auteur: Soufiane ELAHMAR<br \/>\n<a href=\"http:\/\/www.mapoujda.ma\/fr\/saidia-un-bootcamp-pour-accompagner-les-jeunes-dans-lentrepreneuriat\/\">Cliquez ici pour lire l&rsquo;article depuis sa source.<\/a><\/p>\n","protected":false},"excerpt":{"rendered":"<p>La ville de Saidia a accueilli, du 28 au 31 octobre dernier, le Bootcamp Business Berkane (3B 2021), un \u00e9v\u00e8nement destin\u00e9 \u00e0 la formation et l\u2019accompagnement des jeunes porteurs de projets de la province de Berkane. Organis\u00e9 par la Plateforme des jeunes de Berkane dans le cadre de l\u2019Initiative nationale pour le d\u00e9veloppement humain (INDH), [&hellip;]<\/p>\n","protected":false},"author":1788,"featured_media":0,"comment_status":"closed","ping_status":"closed","sticky":false,"template":"","format":"standard","meta":{"fifu_image_url":"http:\/\/www.mapoujda.ma\/map\/uploads\/2021\/08\/Inauguration-dune-plateforme-des-jeunes-750\u00d7430-MAP.jpg","fifu_image_alt":"Saidia: Un Bootcamp pour accompagner les jeunes dans l\u2019entrepreneuriat","footnotes":""},"categories":[54,76],"tags":[],"class_list":["post-131696","post","type-post","status-publish","format-standard","hentry","category-maroc","category-regions"],"_links":{"self":[{"href":"https:\/\/linitiative.ca\/International\/wp-json\/wp\/v2\/posts\/131696","targetHints":{"allow":["GET"]}}],"collection":[{"href":"https:\/\/linitiative.ca\/International\/wp-json\/wp\/v2\/posts"}],"about":[{"href":"https:\/\/linitiative.ca\/International\/wp-json\/wp\/v2\/types\/post"}],"author":[{"embeddable":true,"href":"https:\/\/linitiative.ca\/International\/wp-json\/wp\/v2\/users\/1788"}],"replies":[{"embeddable":true,"href":"https:\/\/linitiative.ca\/International\/wp-json\/wp\/v2\/comments?post=131696"}],"version-history":[{"count":0,"href":"https:\/\/linitiative.ca\/International\/wp-json\/wp\/v2\/posts\/131696\/revisions"}],"wp:attachment":[{"href":"https:\/\/linitiative.ca\/International\/wp-json\/wp\/v2\/media?parent=131696"}],"wp:term":[{"taxonomy":"category","embeddable":true,"href":"https:\/\/linitiative.ca\/International\/wp-json\/wp\/v2\/categories?post=131696"},{"taxonomy":"post_tag","embeddable":true,"href":"https:\/\/linitiative.ca\/International\/wp-json\/wp\/v2\/tags?post=131696"}],"curies":[{"name":"wp","href":"https:\/\/api.w.org\/{rel}","templated":true}]}}