{"id":131700,"date":"2021-11-02T10:15:29","date_gmt":"2021-11-02T14:15:29","guid":{"rendered":"https:\/\/linitiative.ca\/International\/echanges-exterieurs-le-deficit-commercial-du-maroc-se-creuse\/"},"modified":"2021-11-02T10:15:29","modified_gmt":"2021-11-02T14:15:29","slug":"echanges-exterieurs-le-deficit-commercial-du-maroc-se-creuse","status":"publish","type":"post","link":"https:\/\/linitiative.ca\/International\/echanges-exterieurs-le-deficit-commercial-du-maroc-se-creuse\/","title":{"rendered":"Echanges ext\u00e9rieurs : Le d\u00e9ficit commercial du Maroc se creuse"},"content":{"rendered":"<div>\n<div class=\"field field-name-body field-type-text-with-summary field-label-hidden\">\n<div class=\"field-items\">\n<div class=\"field-item even\" property=\"content:encoded\">\n<p class=\"rtejustify\">Le d\u00e9ficit commercial du Maroc s&rsquo;est \u00e9tabli \u00e0 151,84 milliards de DH durant les neuf premiers mois de cette ann\u00e9e, en hausse de 25,5% par rapport \u00e0 fin septembre 2020, selon l&rsquo;Office des Changes.<\/p>\n<\/div>\n<\/div>\n<\/div>\n<\/div>\n<p>Auteur: mbasraoui<br \/>\n<a href=\"https:\/\/www.leconomiste.com\/flash-infos\/echanges-exterieurs-le-deficit-commercial-du-maroc-se-creuse\">Cliquez ici pour lire l&rsquo;article depuis sa source.<\/a><\/p>\n","protected":false},"excerpt":{"rendered":"<p>Le d\u00e9ficit commercial du Maroc s&rsquo;est \u00e9tabli \u00e0 151,84 milliards de DH durant les neuf premiers mois de cette ann\u00e9e, en hausse de 25,5% par rapport \u00e0 fin septembre 2020, selon l&rsquo;Office des Changes. Auteur: mbasraoui Cliquez ici pour lire l&rsquo;article depuis sa source.<\/p>\n","protected":false},"author":1763,"featured_media":0,"comment_status":"closed","ping_status":"closed","sticky":false,"template":"","format":"standard","meta":{"fifu_image_url":"","fifu_image_alt":"","footnotes":""},"categories":[78,54],"tags":[],"class_list":["post-131700","post","type-post","status-publish","format-standard","hentry","category-economie","category-maroc"],"_links":{"self":[{"href":"https:\/\/linitiative.ca\/International\/wp-json\/wp\/v2\/posts\/131700","targetHints":{"allow":["GET"]}}],"collection":[{"href":"https:\/\/linitiative.ca\/International\/wp-json\/wp\/v2\/posts"}],"about":[{"href":"https:\/\/linitiative.ca\/International\/wp-json\/wp\/v2\/types\/post"}],"author":[{"embeddable":true,"href":"https:\/\/linitiative.ca\/International\/wp-json\/wp\/v2\/users\/1763"}],"replies":[{"embeddable":true,"href":"https:\/\/linitiative.ca\/International\/wp-json\/wp\/v2\/comments?post=131700"}],"version-history":[{"count":0,"href":"https:\/\/linitiative.ca\/International\/wp-json\/wp\/v2\/posts\/131700\/revisions"}],"wp:attachment":[{"href":"https:\/\/linitiative.ca\/International\/wp-json\/wp\/v2\/media?parent=131700"}],"wp:term":[{"taxonomy":"category","embeddable":true,"href":"https:\/\/linitiative.ca\/International\/wp-json\/wp\/v2\/categories?post=131700"},{"taxonomy":"post_tag","embeddable":true,"href":"https:\/\/linitiative.ca\/International\/wp-json\/wp\/v2\/tags?post=131700"}],"curies":[{"name":"wp","href":"https:\/\/api.w.org\/{rel}","templated":true}]}}