{"id":131701,"date":"2021-11-02T10:16:18","date_gmt":"2021-11-02T14:16:18","guid":{"rendered":"https:\/\/linitiative.ca\/International\/getfit-veut-sinternationaliser\/"},"modified":"2021-11-02T10:16:18","modified_gmt":"2021-11-02T14:16:18","slug":"getfit-veut-sinternationaliser","status":"publish","type":"post","link":"https:\/\/linitiative.ca\/International\/getfit-veut-sinternationaliser\/","title":{"rendered":"GetFit veut s\u2019internationaliser"},"content":{"rendered":"<div>\n<div class=\"field field-name-body field-type-text-with-summary field-label-hidden\">\n<div class=\"field-items\">\n<div class=\"field-item even\" property=\"content:encoded\">\n<p class=\"rtejustify\">La marque marocaine de v\u00eatements de sport GetFit cr\u00e9\u00e9e par Kamil Bouayad va franchir un nouveau pas dans son d\u00e9veloppement en se lan\u00e7ant sur des march\u00e9s \u00e0 l\u2019export. L\u2019entreprise est en train d\u2019investir dans de nouvelles capacit\u00e9s de production pour s\u2019adresser aux march\u00e9s subsahariens et europ\u00e9ens.<\/p>\n<p class=\"rtejustify\">Des sites e-commerce d\u00e9di\u00e9s aux pays de pr\u00e9sence seront bient\u00f4t mis en ligne.<\/p>\n<p class=\"rtejustify\"><em>F.FA<\/em><\/p>\n<p class=\"rtejustify\">\u00a0<\/p>\n<\/div>\n<\/div>\n<\/div>\n<\/div>\n<p>Auteur: mbasraoui<br \/>\n<a href=\"https:\/\/www.leconomiste.com\/flash-infos\/getfit-veut-s-internationaliser\">Cliquez ici pour lire l&rsquo;article depuis sa source.<\/a><\/p>\n","protected":false},"excerpt":{"rendered":"<p>La marque marocaine de v\u00eatements de sport GetFit cr\u00e9\u00e9e par Kamil Bouayad va franchir un nouveau pas dans son d\u00e9veloppement en se lan\u00e7ant sur des march\u00e9s \u00e0 l\u2019export. L\u2019entreprise est en train d\u2019investir dans de nouvelles capacit\u00e9s de production pour s\u2019adresser aux march\u00e9s subsahariens et europ\u00e9ens. Des sites e-commerce d\u00e9di\u00e9s aux pays de pr\u00e9sence seront [&hellip;]<\/p>\n","protected":false},"author":1763,"featured_media":0,"comment_status":"closed","ping_status":"closed","sticky":false,"template":"","format":"standard","meta":{"fifu_image_url":"","fifu_image_alt":"","footnotes":""},"categories":[78,54],"tags":[],"class_list":["post-131701","post","type-post","status-publish","format-standard","hentry","category-economie","category-maroc"],"_links":{"self":[{"href":"https:\/\/linitiative.ca\/International\/wp-json\/wp\/v2\/posts\/131701","targetHints":{"allow":["GET"]}}],"collection":[{"href":"https:\/\/linitiative.ca\/International\/wp-json\/wp\/v2\/posts"}],"about":[{"href":"https:\/\/linitiative.ca\/International\/wp-json\/wp\/v2\/types\/post"}],"author":[{"embeddable":true,"href":"https:\/\/linitiative.ca\/International\/wp-json\/wp\/v2\/users\/1763"}],"replies":[{"embeddable":true,"href":"https:\/\/linitiative.ca\/International\/wp-json\/wp\/v2\/comments?post=131701"}],"version-history":[{"count":0,"href":"https:\/\/linitiative.ca\/International\/wp-json\/wp\/v2\/posts\/131701\/revisions"}],"wp:attachment":[{"href":"https:\/\/linitiative.ca\/International\/wp-json\/wp\/v2\/media?parent=131701"}],"wp:term":[{"taxonomy":"category","embeddable":true,"href":"https:\/\/linitiative.ca\/International\/wp-json\/wp\/v2\/categories?post=131701"},{"taxonomy":"post_tag","embeddable":true,"href":"https:\/\/linitiative.ca\/International\/wp-json\/wp\/v2\/tags?post=131701"}],"curies":[{"name":"wp","href":"https:\/\/api.w.org\/{rel}","templated":true}]}}