{"id":131703,"date":"2021-11-02T11:23:39","date_gmt":"2021-11-02T15:23:39","guid":{"rendered":"https:\/\/linitiative.ca\/International\/covid-260-nouveaux-cas-5-deces\/"},"modified":"2021-11-02T11:23:39","modified_gmt":"2021-11-02T15:23:39","slug":"covid-260-nouveaux-cas-5-deces","status":"publish","type":"post","link":"https:\/\/linitiative.ca\/International\/covid-260-nouveaux-cas-5-deces\/","title":{"rendered":"Covid: 260 nouveaux cas, 5 d\u00e9c\u00e8s"},"content":{"rendered":"<div>\n<div class=\"field field-name-body field-type-text-with-summary field-label-hidden\">\n<div class=\"field-items\">\n<div class=\"field-item even\" property=\"content:encoded\">\n<p class=\"rtejustify\">Un total de\u00a0<strong>1.464.443<\/strong>\u00a0personnes a re\u00e7u la 3e dose du vaccin anti-Covid, au 30e jour du lancement de l&rsquo;op\u00e9ration, a indiqu\u00e9 ce mardi le minist\u00e8re de la Sant\u00e9 et de la Protection sociale. Le nombre de primo-vaccin\u00e9s a atteint<strong> <\/strong><strong>24.259.320<\/strong>, tandis que celui des personnes ayant re\u00e7u la 2e dose s&rsquo;\u00e9l\u00e8ve d\u00e9sormais \u00e0 <strong>22.144.227<\/strong>, a pr\u00e9cis\u00e9 le minist\u00e8re dans son bulletin quotidien sur la situation \u00e9pid\u00e9miologique Covid-19. Plus de <strong>102.000 <\/strong>nouvelles ont \u00e9t\u00e9 administr\u00e9es en 24 heures.<\/p>\n<\/div>\n<\/div>\n<\/div>\n<\/div>\n<p>Auteur: mbasraoui<br \/>\n<a href=\"https:\/\/www.leconomiste.com\/flash-infos\/covid-138-nouveaux-cas-10-deces\">Cliquez ici pour lire l&rsquo;article depuis sa source.<\/a><\/p>\n","protected":false},"excerpt":{"rendered":"<p>Un total de\u00a01.464.443\u00a0personnes a re\u00e7u la 3e dose du vaccin anti-Covid, au 30e jour du lancement de l&rsquo;op\u00e9ration, a indiqu\u00e9 ce mardi le minist\u00e8re de la Sant\u00e9 et de la Protection sociale. Le nombre de primo-vaccin\u00e9s a atteint 24.259.320, tandis que celui des personnes ayant re\u00e7u la 2e dose s&rsquo;\u00e9l\u00e8ve d\u00e9sormais \u00e0 22.144.227, a pr\u00e9cis\u00e9 [&hellip;]<\/p>\n","protected":false},"author":1763,"featured_media":0,"comment_status":"closed","ping_status":"closed","sticky":false,"template":"","format":"standard","meta":{"fifu_image_url":"","fifu_image_alt":"","footnotes":""},"categories":[78,54],"tags":[],"class_list":["post-131703","post","type-post","status-publish","format-standard","hentry","category-economie","category-maroc"],"_links":{"self":[{"href":"https:\/\/linitiative.ca\/International\/wp-json\/wp\/v2\/posts\/131703","targetHints":{"allow":["GET"]}}],"collection":[{"href":"https:\/\/linitiative.ca\/International\/wp-json\/wp\/v2\/posts"}],"about":[{"href":"https:\/\/linitiative.ca\/International\/wp-json\/wp\/v2\/types\/post"}],"author":[{"embeddable":true,"href":"https:\/\/linitiative.ca\/International\/wp-json\/wp\/v2\/users\/1763"}],"replies":[{"embeddable":true,"href":"https:\/\/linitiative.ca\/International\/wp-json\/wp\/v2\/comments?post=131703"}],"version-history":[{"count":0,"href":"https:\/\/linitiative.ca\/International\/wp-json\/wp\/v2\/posts\/131703\/revisions"}],"wp:attachment":[{"href":"https:\/\/linitiative.ca\/International\/wp-json\/wp\/v2\/media?parent=131703"}],"wp:term":[{"taxonomy":"category","embeddable":true,"href":"https:\/\/linitiative.ca\/International\/wp-json\/wp\/v2\/categories?post=131703"},{"taxonomy":"post_tag","embeddable":true,"href":"https:\/\/linitiative.ca\/International\/wp-json\/wp\/v2\/tags?post=131703"}],"curies":[{"name":"wp","href":"https:\/\/api.w.org\/{rel}","templated":true}]}}