{"id":131727,"date":"2021-11-02T10:55:00","date_gmt":"2021-11-02T14:55:00","guid":{"rendered":"https:\/\/linitiative.ca\/International\/bilel-jamoussi-bien-place-pour-le-poste-de-directeur-du-bureau-de-la-normalisation-des-telecommunications-de-luit\/"},"modified":"2021-11-02T10:55:00","modified_gmt":"2021-11-02T14:55:00","slug":"bilel-jamoussi-bien-place-pour-le-poste-de-directeur-du-bureau-de-la-normalisation-des-telecommunications-de-luit","status":"publish","type":"post","link":"https:\/\/linitiative.ca\/International\/bilel-jamoussi-bien-place-pour-le-poste-de-directeur-du-bureau-de-la-normalisation-des-telecommunications-de-luit\/","title":{"rendered":"Bilel Jamoussi, bien plac\u00e9 pour le poste de directeur du Bureau de la Normalisation des t\u00e9l\u00e9communications de l\u2019UIT"},"content":{"rendered":"<div><img decoding=\"async\" src=\"https:\/\/linitiative.ca\/International\/wp-content\/uploads\/sites\/23\/2021\/11\/1635861728_article.jpg\" alt=\"Bilel Jamoussi, bien plac\u00e9 pour le poste de directeur du Bureau de la Normalisation des t\u00e9l\u00e9communications de l\u2019UIT \" align=\"left\">Que manque-t-il \u00e0 Bilel Jamoussi pour emporter le poste de poste de directeur du Bureau de la Normalisation des t\u00e9l\u00e9communications de l\u2019UIT 2023-2026\u00a0? Un pays fort qui se battra pour faire aboutir son candidat. La Tunisie y est r\u00e9solue, comme l\u2019affirm\u00e9 le ministre des Tics, Nizar Ben N\u00e9ji. C\u2019est \u00e0 la diplomatie de s\u2019y investir. La conf\u00e9rence pl\u00e9nipotentiaire de l\u2019Union internationale des T\u00e9l\u00e9communications (IUT) qui se tiendra \u00e0 Bucarest (Roumanie) du\u00a026 septembre au 14 octobre\u00a02022, proc\u00e8dera \u00e0 cette occasion une s\u00e9rie d\u2019\u00e9lections, du secr\u00e9taire g\u00e9n\u00e9ral et de son adjoint \u00e0 diff\u00e9rents directeurs et autres. L\u00e9gitimement, Bilel Jamoussi, 53 ans, postule &#8230;<\/p>\n<\/div>\n<p>Auteur:<br \/>\n<a href=\"https:\/\/www.leaders.com.tn\/article\/32604-bilel-jamoussi-bien-place-pour-le-poste-de-directeur-du-bureau-de-la-normalisation-des-telecommunications-de-l-uit\">Cliquez ici pour lire l&rsquo;article depuis sa source.<\/a><\/p>\n","protected":false},"excerpt":{"rendered":"<p>Que manque-t-il \u00e0 Bilel Jamoussi pour emporter le poste de poste de directeur du Bureau de la Normalisation des t\u00e9l\u00e9communications de l\u2019UIT 2023-2026\u00a0? Un pays fort qui se battra pour faire aboutir son candidat. La Tunisie y est r\u00e9solue, comme l\u2019affirm\u00e9 le ministre des Tics, Nizar Ben N\u00e9ji. C\u2019est \u00e0 la diplomatie de s\u2019y investir. [&hellip;]<\/p>\n","protected":false},"author":1772,"featured_media":0,"comment_status":"closed","ping_status":"closed","sticky":false,"template":"","format":"standard","meta":{"fifu_image_url":"http:\/\/www.leaders.com.tn\/uploads\/content\/thumbnails_small\/1635861728_article.jpg","fifu_image_alt":"Bilel Jamoussi, bien plac\u00e9 pour le poste de directeur du Bureau de la Normalisation des t\u00e9l\u00e9communications de l\u2019UIT","footnotes":""},"categories":[73,55],"tags":[],"class_list":["post-131727","post","type-post","status-publish","format-standard","hentry","category-actualite","category-tunisie"],"_links":{"self":[{"href":"https:\/\/linitiative.ca\/International\/wp-json\/wp\/v2\/posts\/131727","targetHints":{"allow":["GET"]}}],"collection":[{"href":"https:\/\/linitiative.ca\/International\/wp-json\/wp\/v2\/posts"}],"about":[{"href":"https:\/\/linitiative.ca\/International\/wp-json\/wp\/v2\/types\/post"}],"author":[{"embeddable":true,"href":"https:\/\/linitiative.ca\/International\/wp-json\/wp\/v2\/users\/1772"}],"replies":[{"embeddable":true,"href":"https:\/\/linitiative.ca\/International\/wp-json\/wp\/v2\/comments?post=131727"}],"version-history":[{"count":0,"href":"https:\/\/linitiative.ca\/International\/wp-json\/wp\/v2\/posts\/131727\/revisions"}],"wp:attachment":[{"href":"https:\/\/linitiative.ca\/International\/wp-json\/wp\/v2\/media?parent=131727"}],"wp:term":[{"taxonomy":"category","embeddable":true,"href":"https:\/\/linitiative.ca\/International\/wp-json\/wp\/v2\/categories?post=131727"},{"taxonomy":"post_tag","embeddable":true,"href":"https:\/\/linitiative.ca\/International\/wp-json\/wp\/v2\/tags?post=131727"}],"curies":[{"name":"wp","href":"https:\/\/api.w.org\/{rel}","templated":true}]}}