{"id":131729,"date":"2021-11-02T11:20:00","date_gmt":"2021-11-02T15:20:00","guid":{"rendered":"https:\/\/linitiative.ca\/International\/qui-est-dr-bilel-jamoussi-candidat-de-la-tunisie-au-poste-de-directeur-du-bureau-de-la-normalisation-des-telecommunications-de-luit-2023-2026\/"},"modified":"2021-11-02T11:20:00","modified_gmt":"2021-11-02T15:20:00","slug":"qui-est-dr-bilel-jamoussi-candidat-de-la-tunisie-au-poste-de-directeur-du-bureau-de-la-normalisation-des-telecommunications-de-luit-2023-2026","status":"publish","type":"post","link":"https:\/\/linitiative.ca\/International\/qui-est-dr-bilel-jamoussi-candidat-de-la-tunisie-au-poste-de-directeur-du-bureau-de-la-normalisation-des-telecommunications-de-luit-2023-2026\/","title":{"rendered":"Qui est Dr. Bilel Jamoussi, candidat de la Tunisie au poste de Directeur du Bureau de la Normalisation des t\u00e9l\u00e9communications de l\u2019UIT 2023-2026"},"content":{"rendered":"<div><img decoding=\"async\" src=\"https:\/\/linitiative.ca\/International\/wp-content\/uploads\/sites\/23\/2021\/11\/1635863660_article.jpg\" alt=\"Qui est Dr. Bilel Jamoussi, candidat de la Tunisie au poste de Directeur du Bureau de la Normalisation des t\u00e9l\u00e9communications de l\u2019UIT 2023-2026\" align=\"left\">Nationalit\u00e9: Tunisienne<br \/>\nN\u00e9: \u00e0 Sfax, Tunisie, le 7 avril 1967<br \/>\nEtat Civil: Mari\u00e9 et p\u00e8re de trois enfants<br \/>\nLangues: Arabe, Anglais, et Fran\u00e7ais couramment ; Espagnol et Allemand de base<br \/>\nNiveau d\u2019instruction: Docteur et Ing\u00e9nieur en g\u00e9nie informatique sp\u00e9cialit\u00e9 r\u00e9seaux de communications, dipl\u00f4m\u00e9 de l\u2019Universit\u00e9 d\u2019\u00c9tat de Pennsylvanie, \u00c9tats-Unis d\u2019Am\u00e9rique (PhD 95, MS 92, BS 89)<br \/>\nInventions: Titulaire de 23 brevets d\u2019inventions am\u00e9ricains dans les domaines des r\u00e9seaux de donn\u00e9es et optiques, des r\u00e9seaux sans fil et de la qualit\u00e9 de service<br \/>\nHonneurs: Membre distingu\u00e9 du personnel technique de Nortel Networks, Prix Nortel Networks pour le travail d&rsquo;\u00e9quipe, &#8230;<\/p>\n<\/div>\n<p>Auteur:<br \/>\n<a href=\"https:\/\/www.leaders.com.tn\/article\/32605-qui-est-dr-bilel-jamoussi-candidat-de-la-tunisie-au-poste-de-directeur-du-bureau-de-la-normalisation-des-telecommunications-de-l-uit-2023-2026\">Cliquez ici pour lire l&rsquo;article depuis sa source.<\/a><\/p>\n","protected":false},"excerpt":{"rendered":"<p>Nationalit\u00e9: Tunisienne N\u00e9: \u00e0 Sfax, Tunisie, le 7 avril 1967 Etat Civil: Mari\u00e9 et p\u00e8re de trois enfants Langues: Arabe, Anglais, et Fran\u00e7ais couramment ; Espagnol et Allemand de base Niveau d\u2019instruction: Docteur et Ing\u00e9nieur en g\u00e9nie informatique sp\u00e9cialit\u00e9 r\u00e9seaux de communications, dipl\u00f4m\u00e9 de l\u2019Universit\u00e9 d\u2019\u00c9tat de Pennsylvanie, \u00c9tats-Unis d\u2019Am\u00e9rique (PhD 95, MS 92, BS [&hellip;]<\/p>\n","protected":false},"author":1772,"featured_media":0,"comment_status":"closed","ping_status":"closed","sticky":false,"template":"","format":"standard","meta":{"fifu_image_url":"http:\/\/www.leaders.com.tn\/uploads\/content\/thumbnails_small\/1635863660_article.jpg","fifu_image_alt":"Qui est Dr. Bilel Jamoussi, candidat de la Tunisie au poste de Directeur du Bureau de la Normalisation des t\u00e9l\u00e9communications de l\u2019UIT 2023-2026","footnotes":""},"categories":[73,55],"tags":[],"class_list":["post-131729","post","type-post","status-publish","format-standard","hentry","category-actualite","category-tunisie"],"_links":{"self":[{"href":"https:\/\/linitiative.ca\/International\/wp-json\/wp\/v2\/posts\/131729","targetHints":{"allow":["GET"]}}],"collection":[{"href":"https:\/\/linitiative.ca\/International\/wp-json\/wp\/v2\/posts"}],"about":[{"href":"https:\/\/linitiative.ca\/International\/wp-json\/wp\/v2\/types\/post"}],"author":[{"embeddable":true,"href":"https:\/\/linitiative.ca\/International\/wp-json\/wp\/v2\/users\/1772"}],"replies":[{"embeddable":true,"href":"https:\/\/linitiative.ca\/International\/wp-json\/wp\/v2\/comments?post=131729"}],"version-history":[{"count":0,"href":"https:\/\/linitiative.ca\/International\/wp-json\/wp\/v2\/posts\/131729\/revisions"}],"wp:attachment":[{"href":"https:\/\/linitiative.ca\/International\/wp-json\/wp\/v2\/media?parent=131729"}],"wp:term":[{"taxonomy":"category","embeddable":true,"href":"https:\/\/linitiative.ca\/International\/wp-json\/wp\/v2\/categories?post=131729"},{"taxonomy":"post_tag","embeddable":true,"href":"https:\/\/linitiative.ca\/International\/wp-json\/wp\/v2\/tags?post=131729"}],"curies":[{"name":"wp","href":"https:\/\/api.w.org\/{rel}","templated":true}]}}