{"id":131736,"date":"2021-11-02T10:15:57","date_gmt":"2021-11-02T14:15:57","guid":{"rendered":"https:\/\/linitiative.ca\/International\/distribution-africa-motors-va-commercialiser-la-marque-automobile-chinoise-chery\/"},"modified":"2021-11-02T10:15:57","modified_gmt":"2021-11-02T14:15:57","slug":"distribution-africa-motors-va-commercialiser-la-marque-automobile-chinoise-chery","status":"publish","type":"post","link":"https:\/\/linitiative.ca\/International\/distribution-africa-motors-va-commercialiser-la-marque-automobile-chinoise-chery\/","title":{"rendered":"Distribution. Africa Motors va commercialiser la marque automobile chinoise Chery"},"content":{"rendered":"<div><img decoding=\"async\" width=\"1280\" height=\"861\" src=\"https:\/\/linitiative.ca\/International\/wp-content\/uploads\/sites\/23\/2021\/11\/WhatsApp-Image-2021-11-02-at-15.03.15-3.jpeg\" class=\"attachment-post-thumbnail size-post-thumbnail wp-post-image\" alt=\"\" loading=\"lazy\" srcset=\"https:\/\/linitiative.ca\/International\/wp-content\/uploads\/sites\/23\/2021\/11\/WhatsApp-Image-2021-11-02-at-15.03.15-3.jpeg 1280w, https:\/\/www.challenge.ma\/wp-content\/uploads\/2021\/11\/WhatsApp-Image-2021-11-02-at-15.03.15-3-300x202.jpeg 300w, https:\/\/www.challenge.ma\/wp-content\/uploads\/2021\/11\/WhatsApp-Image-2021-11-02-at-15.03.15-3-1024x689.jpeg 1024w, https:\/\/www.challenge.ma\/wp-content\/uploads\/2021\/11\/WhatsApp-Image-2021-11-02-at-15.03.15-3-768x517.jpeg 768w, https:\/\/www.challenge.ma\/wp-content\/uploads\/2021\/11\/WhatsApp-Image-2021-11-02-at-15.03.15-3-360x242.jpeg 360w, https:\/\/www.challenge.ma\/wp-content\/uploads\/2021\/11\/WhatsApp-Image-2021-11-02-at-15.03.15-3-750x504.jpeg 750w\" sizes=\"auto, (max-width: 1280px) 100vw, 1280px\" itemprop=\"image\">Africa Motors tisse sa toile dans le Royaume. Outre DFSK, Seres et Foton, voici que la filiale automobile du Groupe Auto Hall a scell\u00e9 r\u00e9cemment un nouveau partenariat avec l\u2019un des g\u00e9ants de l\u2019industrie automobile chinoise, \u00e0 savoir Chery. C\u2019est le 28 octobre dernier qu\u2019Africa Motors a sign\u00e9 avec son<\/div>\n<p>Auteur: David J\u00e9r\u00e9mie<br \/>\n<a href=\"https:\/\/www.challenge.ma\/distribution-africa-motors-va-commercialiser-la-marque-automobile-chinoise-chery-225050\/\">Cliquez ici pour lire l&rsquo;article depuis sa source.<\/a><\/p>\n","protected":false},"excerpt":{"rendered":"<p>Africa Motors tisse sa toile dans le Royaume. Outre DFSK, Seres et Foton, voici que la filiale automobile du Groupe Auto Hall a scell\u00e9 r\u00e9cemment un nouveau partenariat avec l\u2019un des g\u00e9ants de l\u2019industrie automobile chinoise, \u00e0 savoir Chery. C\u2019est le 28 octobre dernier qu\u2019Africa Motors a sign\u00e9 avec son Auteur: David J\u00e9r\u00e9mie Cliquez ici [&hellip;]<\/p>\n","protected":false},"author":1787,"featured_media":0,"comment_status":"closed","ping_status":"closed","sticky":false,"template":"","format":"standard","meta":{"fifu_image_url":"https:\/\/www.challenge.ma\/wp-content\/uploads\/2021\/11\/WhatsApp-Image-2021-11-02-at-15.03.15-3.jpeg","fifu_image_alt":"Distribution. Africa Motors va commercialiser la marque automobile chinoise Chery","footnotes":""},"categories":[78,54],"tags":[],"class_list":["post-131736","post","type-post","status-publish","format-standard","hentry","category-economie","category-maroc"],"_links":{"self":[{"href":"https:\/\/linitiative.ca\/International\/wp-json\/wp\/v2\/posts\/131736","targetHints":{"allow":["GET"]}}],"collection":[{"href":"https:\/\/linitiative.ca\/International\/wp-json\/wp\/v2\/posts"}],"about":[{"href":"https:\/\/linitiative.ca\/International\/wp-json\/wp\/v2\/types\/post"}],"author":[{"embeddable":true,"href":"https:\/\/linitiative.ca\/International\/wp-json\/wp\/v2\/users\/1787"}],"replies":[{"embeddable":true,"href":"https:\/\/linitiative.ca\/International\/wp-json\/wp\/v2\/comments?post=131736"}],"version-history":[{"count":0,"href":"https:\/\/linitiative.ca\/International\/wp-json\/wp\/v2\/posts\/131736\/revisions"}],"wp:attachment":[{"href":"https:\/\/linitiative.ca\/International\/wp-json\/wp\/v2\/media?parent=131736"}],"wp:term":[{"taxonomy":"category","embeddable":true,"href":"https:\/\/linitiative.ca\/International\/wp-json\/wp\/v2\/categories?post=131736"},{"taxonomy":"post_tag","embeddable":true,"href":"https:\/\/linitiative.ca\/International\/wp-json\/wp\/v2\/tags?post=131736"}],"curies":[{"name":"wp","href":"https:\/\/api.w.org\/{rel}","templated":true}]}}