{"id":131738,"date":"2021-11-02T11:06:45","date_gmt":"2021-11-02T15:06:45","guid":{"rendered":"https:\/\/linitiative.ca\/International\/maroc-tractafric-equipment-lance-son-premier-centre-de-reconditionnement-de-composants\/"},"modified":"2021-11-02T11:06:45","modified_gmt":"2021-11-02T15:06:45","slug":"maroc-tractafric-equipment-lance-son-premier-centre-de-reconditionnement-de-composants","status":"publish","type":"post","link":"https:\/\/linitiative.ca\/International\/maroc-tractafric-equipment-lance-son-premier-centre-de-reconditionnement-de-composants\/","title":{"rendered":"Maroc. Tractafric Equipment lance son premier centre de reconditionnement de composants"},"content":{"rendered":"<div><img decoding=\"async\" width=\"545\" height=\"331\" src=\"https:\/\/linitiative.ca\/International\/wp-content\/uploads\/sites\/23\/2021\/11\/Tractafric_Equipment_2-ouv.jpg\" class=\"attachment-post-thumbnail size-post-thumbnail wp-post-image\" alt=\"\" loading=\"lazy\" srcset=\"https:\/\/linitiative.ca\/International\/wp-content\/uploads\/sites\/23\/2021\/11\/Tractafric_Equipment_2-ouv.jpg 545w, https:\/\/www.challenge.ma\/wp-content\/uploads\/2021\/11\/Tractafric_Equipment_2-ouv-300x182.jpg 300w, https:\/\/www.challenge.ma\/wp-content\/uploads\/2021\/11\/Tractafric_Equipment_2-ouv-360x219.jpg 360w\" sizes=\"auto, (max-width: 545px) 100vw, 545px\" itemprop=\"image\">Tractafric Equipment vient fra\u00eechement d\u2019inaugurer \u00e0 Casablanca son nouveau Centre de reconditionnement de composants (CRC). Une infrastructure in\u00e9dite d\u00e9di\u00e9e \u00e0 la r\u00e9novation de composants au Maroc, et qui entend r\u00e9pondre aux besoins des op\u00e9rateurs miniers et BTP sur tout le continent. D\u00e9velopp\u00e9 en partenariat avec Caterpillar, cet atelier de 1<\/div>\n<p>Auteur: challenge<br \/>\n<a href=\"https:\/\/www.challenge.ma\/maroc-tractafric-equipment-lance-son-premier-centre-de-reconditionnement-de-composants-225071\/\">Cliquez ici pour lire l&rsquo;article depuis sa source.<\/a><\/p>\n","protected":false},"excerpt":{"rendered":"<p>Tractafric Equipment vient fra\u00eechement d\u2019inaugurer \u00e0 Casablanca son nouveau Centre de reconditionnement de composants (CRC). Une infrastructure in\u00e9dite d\u00e9di\u00e9e \u00e0 la r\u00e9novation de composants au Maroc, et qui entend r\u00e9pondre aux besoins des op\u00e9rateurs miniers et BTP sur tout le continent. D\u00e9velopp\u00e9 en partenariat avec Caterpillar, cet atelier de 1 Auteur: challenge Cliquez ici pour [&hellip;]<\/p>\n","protected":false},"author":1787,"featured_media":0,"comment_status":"closed","ping_status":"closed","sticky":false,"template":"","format":"standard","meta":{"fifu_image_url":"https:\/\/www.challenge.ma\/wp-content\/uploads\/2021\/11\/Tractafric_Equipment_2-ouv.jpg","fifu_image_alt":"Maroc. Tractafric Equipment lance son premier centre de reconditionnement de composants","footnotes":""},"categories":[78,54],"tags":[],"class_list":["post-131738","post","type-post","status-publish","format-standard","hentry","category-economie","category-maroc"],"_links":{"self":[{"href":"https:\/\/linitiative.ca\/International\/wp-json\/wp\/v2\/posts\/131738","targetHints":{"allow":["GET"]}}],"collection":[{"href":"https:\/\/linitiative.ca\/International\/wp-json\/wp\/v2\/posts"}],"about":[{"href":"https:\/\/linitiative.ca\/International\/wp-json\/wp\/v2\/types\/post"}],"author":[{"embeddable":true,"href":"https:\/\/linitiative.ca\/International\/wp-json\/wp\/v2\/users\/1787"}],"replies":[{"embeddable":true,"href":"https:\/\/linitiative.ca\/International\/wp-json\/wp\/v2\/comments?post=131738"}],"version-history":[{"count":0,"href":"https:\/\/linitiative.ca\/International\/wp-json\/wp\/v2\/posts\/131738\/revisions"}],"wp:attachment":[{"href":"https:\/\/linitiative.ca\/International\/wp-json\/wp\/v2\/media?parent=131738"}],"wp:term":[{"taxonomy":"category","embeddable":true,"href":"https:\/\/linitiative.ca\/International\/wp-json\/wp\/v2\/categories?post=131738"},{"taxonomy":"post_tag","embeddable":true,"href":"https:\/\/linitiative.ca\/International\/wp-json\/wp\/v2\/tags?post=131738"}],"curies":[{"name":"wp","href":"https:\/\/api.w.org\/{rel}","templated":true}]}}