{"id":131740,"date":"2021-11-02T11:12:48","date_gmt":"2021-11-02T15:12:48","guid":{"rendered":"https:\/\/linitiative.ca\/International\/automobile-les-exportations-en-hausse-de-164-sur-les-9-premiers-mois-de-2021\/"},"modified":"2021-11-02T11:12:48","modified_gmt":"2021-11-02T15:12:48","slug":"automobile-les-exportations-en-hausse-de-164-sur-les-9-premiers-mois-de-2021","status":"publish","type":"post","link":"https:\/\/linitiative.ca\/International\/automobile-les-exportations-en-hausse-de-164-sur-les-9-premiers-mois-de-2021\/","title":{"rendered":"Automobile. Les exportations en hausse de 16,4% sur les 9 premiers mois de 2021"},"content":{"rendered":"<div><img decoding=\"async\" width=\"900\" height=\"540\" src=\"https:\/\/linitiative.ca\/International\/wp-content\/uploads\/sites\/23\/2021\/11\/MarcheCC81-automobile-1.jpg\" class=\"attachment-post-thumbnail size-post-thumbnail wp-post-image\" alt=\"\" loading=\"lazy\" srcset=\"https:\/\/linitiative.ca\/International\/wp-content\/uploads\/sites\/23\/2021\/11\/MarcheCC81-automobile-1.jpg 900w, https:\/\/www.challenge.ma\/wp-content\/uploads\/2020\/09\/Marche\u0301-automobile-1-300x180.jpg 300w, https:\/\/www.challenge.ma\/wp-content\/uploads\/2020\/09\/Marche\u0301-automobile-1-768x461.jpg 768w, https:\/\/www.challenge.ma\/wp-content\/uploads\/2020\/09\/Marche\u0301-automobile-1-360x216.jpg 360w, https:\/\/www.challenge.ma\/wp-content\/uploads\/2020\/09\/Marche\u0301-automobile-1-750x450.jpg 750w\" sizes=\"auto, (max-width: 900px) 100vw, 900px\" itemprop=\"image\">Les exportations du secteur automobile marocain poursuivent leur embellie. Elles ont ainsi atteint pr\u00e8s de 58,35 milliards de DH sur les 9 premiers mois de cette ann\u00e9e, en augmentation 16,4% par rapport \u00e0 la m\u00eame p\u00e9riode de 2020, selon les donn\u00e9es de l\u2019Office des Changes. L\u2019Office des changes indique que<\/div>\n<p>Auteur: challenge<br \/>\n<a href=\"https:\/\/www.challenge.ma\/automobile-les-exportations-en-hausse-de-164-sur-les-9-premiers-mois-de-2021-225073\/\">Cliquez ici pour lire l&rsquo;article depuis sa source.<\/a><\/p>\n","protected":false},"excerpt":{"rendered":"<p>Les exportations du secteur automobile marocain poursuivent leur embellie. Elles ont ainsi atteint pr\u00e8s de 58,35 milliards de DH sur les 9 premiers mois de cette ann\u00e9e, en augmentation 16,4% par rapport \u00e0 la m\u00eame p\u00e9riode de 2020, selon les donn\u00e9es de l\u2019Office des Changes. L\u2019Office des changes indique que Auteur: challenge Cliquez ici pour [&hellip;]<\/p>\n","protected":false},"author":1787,"featured_media":0,"comment_status":"closed","ping_status":"closed","sticky":false,"template":"","format":"standard","meta":{"fifu_image_url":"https:\/\/www.challenge.ma\/wp-content\/uploads\/2020\/09\/Marche\u0301-automobile-1.jpg","fifu_image_alt":"Automobile. Les exportations en hausse de 16,4% sur les 9 premiers mois de 2021","footnotes":""},"categories":[78,54],"tags":[],"class_list":["post-131740","post","type-post","status-publish","format-standard","hentry","category-economie","category-maroc"],"_links":{"self":[{"href":"https:\/\/linitiative.ca\/International\/wp-json\/wp\/v2\/posts\/131740","targetHints":{"allow":["GET"]}}],"collection":[{"href":"https:\/\/linitiative.ca\/International\/wp-json\/wp\/v2\/posts"}],"about":[{"href":"https:\/\/linitiative.ca\/International\/wp-json\/wp\/v2\/types\/post"}],"author":[{"embeddable":true,"href":"https:\/\/linitiative.ca\/International\/wp-json\/wp\/v2\/users\/1787"}],"replies":[{"embeddable":true,"href":"https:\/\/linitiative.ca\/International\/wp-json\/wp\/v2\/comments?post=131740"}],"version-history":[{"count":0,"href":"https:\/\/linitiative.ca\/International\/wp-json\/wp\/v2\/posts\/131740\/revisions"}],"wp:attachment":[{"href":"https:\/\/linitiative.ca\/International\/wp-json\/wp\/v2\/media?parent=131740"}],"wp:term":[{"taxonomy":"category","embeddable":true,"href":"https:\/\/linitiative.ca\/International\/wp-json\/wp\/v2\/categories?post=131740"},{"taxonomy":"post_tag","embeddable":true,"href":"https:\/\/linitiative.ca\/International\/wp-json\/wp\/v2\/tags?post=131740"}],"curies":[{"name":"wp","href":"https:\/\/api.w.org\/{rel}","templated":true}]}}