{"id":131742,"date":"2021-11-02T11:36:41","date_gmt":"2021-11-02T15:36:41","guid":{"rendered":"https:\/\/linitiative.ca\/International\/gazoduc-maghreb-europe-des-deputes-europeens-mecontents-de-la-decision-algerienne\/"},"modified":"2021-11-02T11:36:41","modified_gmt":"2021-11-02T15:36:41","slug":"gazoduc-maghreb-europe-des-deputes-europeens-mecontents-de-la-decision-algerienne","status":"publish","type":"post","link":"https:\/\/linitiative.ca\/International\/gazoduc-maghreb-europe-des-deputes-europeens-mecontents-de-la-decision-algerienne\/","title":{"rendered":"Gazoduc Maghreb-Europe: des d\u00e9put\u00e9s europ\u00e9ens m\u00e9contents de la d\u00e9cision alg\u00e9rienne"},"content":{"rendered":"<div><img decoding=\"async\" width=\"592\" height=\"296\" src=\"https:\/\/linitiative.ca\/International\/wp-content\/uploads\/sites\/23\/2021\/11\/parl-eu.jpg\" class=\"attachment-post-thumbnail size-post-thumbnail wp-post-image\" alt=\"\" loading=\"lazy\" srcset=\"https:\/\/linitiative.ca\/International\/wp-content\/uploads\/sites\/23\/2021\/11\/parl-eu.jpg 592w, https:\/\/www.challenge.ma\/wp-content\/uploads\/2021\/11\/parl-eu-300x150.jpg 300w, https:\/\/www.challenge.ma\/wp-content\/uploads\/2021\/11\/parl-eu-360x180.jpg 360w\" sizes=\"auto, (max-width: 592px) 100vw, 592px\" itemprop=\"image\">Des d\u00e9put\u00e9s europ\u00e9ens ont fustig\u00e9 la d\u00e9cision unilat\u00e9rale de l\u2019Alg\u00e9rie de suspendre l\u2019approvisionnement de l\u2019Europe en gaz via le gazoduc Maghreb-Europe (GME), estimant qu\u2019il s\u2019agit d\u2019un chantage inacceptable. Pour l\u2019europarlementaire hongrois Attila Ara-Kovacs, la perturbation par l\u2019Alg\u00e9rie du fonctionnement du gazoduc Maghreb-Europe est \u00abune source d\u2019inqui\u00e9tude dans un contexte de<\/div>\n<p>Auteur: challenge<br \/>\n<a href=\"https:\/\/www.challenge.ma\/gazoduc-maghreb-europe-des-deputes-europeens-mecontents-de-la-decision-algerienne-225079\/\">Cliquez ici pour lire l&rsquo;article depuis sa source.<\/a><\/p>\n","protected":false},"excerpt":{"rendered":"<p>Des d\u00e9put\u00e9s europ\u00e9ens ont fustig\u00e9 la d\u00e9cision unilat\u00e9rale de l\u2019Alg\u00e9rie de suspendre l\u2019approvisionnement de l\u2019Europe en gaz via le gazoduc Maghreb-Europe (GME), estimant qu\u2019il s\u2019agit d\u2019un chantage inacceptable. Pour l\u2019europarlementaire hongrois Attila Ara-Kovacs, la perturbation par l\u2019Alg\u00e9rie du fonctionnement du gazoduc Maghreb-Europe est \u00abune source d\u2019inqui\u00e9tude dans un contexte de Auteur: challenge Cliquez ici pour [&hellip;]<\/p>\n","protected":false},"author":1787,"featured_media":0,"comment_status":"closed","ping_status":"closed","sticky":false,"template":"","format":"standard","meta":{"fifu_image_url":"https:\/\/www.challenge.ma\/wp-content\/uploads\/2021\/11\/parl-eu.jpg","fifu_image_alt":"Gazoduc Maghreb-Europe: des d\u00e9put\u00e9s europ\u00e9ens m\u00e9contents de la d\u00e9cision alg\u00e9rienne","footnotes":""},"categories":[78,54],"tags":[],"class_list":["post-131742","post","type-post","status-publish","format-standard","hentry","category-economie","category-maroc"],"_links":{"self":[{"href":"https:\/\/linitiative.ca\/International\/wp-json\/wp\/v2\/posts\/131742","targetHints":{"allow":["GET"]}}],"collection":[{"href":"https:\/\/linitiative.ca\/International\/wp-json\/wp\/v2\/posts"}],"about":[{"href":"https:\/\/linitiative.ca\/International\/wp-json\/wp\/v2\/types\/post"}],"author":[{"embeddable":true,"href":"https:\/\/linitiative.ca\/International\/wp-json\/wp\/v2\/users\/1787"}],"replies":[{"embeddable":true,"href":"https:\/\/linitiative.ca\/International\/wp-json\/wp\/v2\/comments?post=131742"}],"version-history":[{"count":0,"href":"https:\/\/linitiative.ca\/International\/wp-json\/wp\/v2\/posts\/131742\/revisions"}],"wp:attachment":[{"href":"https:\/\/linitiative.ca\/International\/wp-json\/wp\/v2\/media?parent=131742"}],"wp:term":[{"taxonomy":"category","embeddable":true,"href":"https:\/\/linitiative.ca\/International\/wp-json\/wp\/v2\/categories?post=131742"},{"taxonomy":"post_tag","embeddable":true,"href":"https:\/\/linitiative.ca\/International\/wp-json\/wp\/v2\/tags?post=131742"}],"curies":[{"name":"wp","href":"https:\/\/api.w.org\/{rel}","templated":true}]}}