{"id":131770,"date":"2021-11-02T15:18:02","date_gmt":"2021-11-02T19:18:02","guid":{"rendered":"https:\/\/linitiative.ca\/International\/senegal-le-pic-beneficie-de-ressources-additionnelles\/"},"modified":"2021-11-02T15:18:02","modified_gmt":"2021-11-02T19:18:02","slug":"senegal-le-pic-beneficie-de-ressources-additionnelles","status":"publish","type":"post","link":"https:\/\/linitiative.ca\/International\/senegal-le-pic-beneficie-de-ressources-additionnelles\/","title":{"rendered":"S\u00e9n\u00e9gal : le PIC b\u00e9n\u00e9ficie de ressources additionnelles"},"content":{"rendered":"<div>\n<p><img loading=\"lazy\" decoding=\"async\" width=\"2781\" height=\"1668\" src=\"https:\/\/linitiative.ca\/International\/wp-content\/uploads\/sites\/23\/2021\/11\/16358806823202.jpg\" class=\"attachment-post-thumbnail size-post-thumbnail wp-post-image\" alt=\"\" srcset=\"https:\/\/linitiative.ca\/International\/wp-content\/uploads\/sites\/23\/2021\/11\/16358806823202.jpg 2781w, https:\/\/www.journalducameroun.com\/wp-content\/uploads\/2021\/11\/16358806823202-300x180.jpg 300w, https:\/\/www.journalducameroun.com\/wp-content\/uploads\/2021\/11\/16358806823202-768x461.jpg 768w, https:\/\/www.journalducameroun.com\/wp-content\/uploads\/2021\/11\/16358806823202-1024x614.jpg 1024w, https:\/\/www.journalducameroun.com\/wp-content\/uploads\/2021\/11\/16358806823202-734x440.jpg 734w, https:\/\/www.journalducameroun.com\/wp-content\/uploads\/2021\/11\/16358806823202-600x360.jpg 600w\" sizes=\"auto, (max-width: 2781px) 100vw, 2781px\"><\/p>\n<p>Le Luxembourg a d\u00e9caiss\u00e9, ce mardi, la contribution en don de 2 millions d&rsquo;euros, soit plus d&rsquo;un milliard de FCFA, destin\u00e9 au Programme Indicatif de Coop\u00e9ration (PIC) 2018-2022, a appris APA.Cet appui financier sera allou\u00e9 au SAMU, au centre hospitalier Abass Ndao et au Lyc\u00e9e Technique de Thi\u00e8s (ouest). La premi\u00e8re structure b\u00e9n\u00e9ficiera d&rsquo;un million d&rsquo;euros tandis que les autres recevront chacune 500 mille euros.<\/p>\n<p>Les secteurs couverts par le PIC 2018-2022 sont regroup\u00e9s autour de deux axes majeurs que sont : la formation professionnelle et l&rsquo;insertion socio-professionnelle ; et la sant\u00e9 et la protection sociale.<\/p>\n<p>Le PIC b\u00e9n\u00e9ficie d&rsquo;un budget indicatif d&rsquo;environ 50 milliards de Francs CFA pour la p\u00e9riode 2018-2022. Il entre en droite ligne des appuis prioritaires du Plan d&rsquo;actions prioritaires ajust\u00e9 et acc\u00e9l\u00e9r\u00e9 (PAP2A) du Plan S\u00e9n\u00e9gal \u00c9mergent (PSE).<\/p>\n<p>Cet article <a rel=\"nofollow\" href=\"https:\/\/www.journalducameroun.com\/senegal-le-pic-beneficie-de-ressources-additionnelles\/\">S\u00e9n\u00e9gal : le PIC b\u00e9n\u00e9ficie de ressources additionnelles<\/a> est apparu en premier sur <a rel=\"nofollow\" href=\"https:\/\/www.journalducameroun.com\/\">Journal du Cameroun<\/a>.<\/p>\n<\/div>\n<p>Auteur: APA News<br \/>\n<a href=\"https:\/\/www.journalducameroun.com\/senegal-le-pic-beneficie-de-ressources-additionnelles\/\">Cliquez ici pour lire l&rsquo;article depuis sa source.<\/a><\/p>\n","protected":false},"excerpt":{"rendered":"<p>Le Luxembourg a d\u00e9caiss\u00e9, ce mardi, la contribution en don de 2 millions d&rsquo;euros, soit plus d&rsquo;un milliard de FCFA, destin\u00e9 au Programme Indicatif de Coop\u00e9ration (PIC) 2018-2022, a appris APA.Cet appui financier sera allou\u00e9 au SAMU, au centre hospitalier Abass Ndao et au Lyc\u00e9e Technique de Thi\u00e8s (ouest). La premi\u00e8re structure b\u00e9n\u00e9ficiera d&rsquo;un million [&hellip;]<\/p>\n","protected":false},"author":1965,"featured_media":0,"comment_status":"closed","ping_status":"closed","sticky":false,"template":"","format":"standard","meta":{"fifu_image_url":"https:\/\/www.journalducameroun.com\/wp-content\/uploads\/2021\/11\/16358806823202.jpg","fifu_image_alt":"S\u00e9n\u00e9gal : le PIC b\u00e9n\u00e9ficie de ressources additionnelles","footnotes":""},"categories":[73,82],"tags":[],"class_list":["post-131770","post","type-post","status-publish","format-standard","hentry","category-actualite","category-cameroun"],"_links":{"self":[{"href":"https:\/\/linitiative.ca\/International\/wp-json\/wp\/v2\/posts\/131770","targetHints":{"allow":["GET"]}}],"collection":[{"href":"https:\/\/linitiative.ca\/International\/wp-json\/wp\/v2\/posts"}],"about":[{"href":"https:\/\/linitiative.ca\/International\/wp-json\/wp\/v2\/types\/post"}],"author":[{"embeddable":true,"href":"https:\/\/linitiative.ca\/International\/wp-json\/wp\/v2\/users\/1965"}],"replies":[{"embeddable":true,"href":"https:\/\/linitiative.ca\/International\/wp-json\/wp\/v2\/comments?post=131770"}],"version-history":[{"count":0,"href":"https:\/\/linitiative.ca\/International\/wp-json\/wp\/v2\/posts\/131770\/revisions"}],"wp:attachment":[{"href":"https:\/\/linitiative.ca\/International\/wp-json\/wp\/v2\/media?parent=131770"}],"wp:term":[{"taxonomy":"category","embeddable":true,"href":"https:\/\/linitiative.ca\/International\/wp-json\/wp\/v2\/categories?post=131770"},{"taxonomy":"post_tag","embeddable":true,"href":"https:\/\/linitiative.ca\/International\/wp-json\/wp\/v2\/tags?post=131770"}],"curies":[{"name":"wp","href":"https:\/\/api.w.org\/{rel}","templated":true}]}}