{"id":131785,"date":"2021-11-03T09:57:12","date_gmt":"2021-11-03T13:57:12","guid":{"rendered":"https:\/\/linitiative.ca\/International\/la-chambre-des-representants-se-met-a-lenergie-renouvelable\/"},"modified":"2021-11-03T09:57:12","modified_gmt":"2021-11-03T13:57:12","slug":"la-chambre-des-representants-se-met-a-lenergie-renouvelable","status":"publish","type":"post","link":"https:\/\/linitiative.ca\/International\/la-chambre-des-representants-se-met-a-lenergie-renouvelable\/","title":{"rendered":"La Chambre des repr\u00e9sentants se met \u00e0 l\u2019\u00e9nergie renouvelable"},"content":{"rendered":"<div>\n<p><img loading=\"lazy\" decoding=\"async\" width=\"300\" height=\"153\" src=\"https:\/\/linitiative.ca\/International\/wp-content\/uploads\/sites\/23\/2021\/11\/Parlement-Maroc-300x153-1.jpg\" class=\"attachment-medium size-medium wp-post-image\" alt=\"\" srcset=\"https:\/\/linitiative.ca\/International\/wp-content\/uploads\/sites\/23\/2021\/11\/Parlement-Maroc-300x153-1.jpg 300w, https:\/\/aujourdhui.ma\/wp-content\/uploads\/2021\/11\/Parlement-Maroc-274x140.jpg 274w, https:\/\/aujourdhui.ma\/wp-content\/uploads\/2021\/11\/Parlement-Maroc.jpg 746w, https:\/\/aujourdhui.ma\/wp-content\/uploads\/2021\/11\/Parlement-Maroc-165x84.jpg 165w, https:\/\/aujourdhui.ma\/wp-content\/uploads\/2021\/11\/Parlement-Maroc-702x358.jpg 702w\" sizes=\"auto, (max-width: 300px) 100vw, 300px\"><\/p>\n<p><span style=\"font-size: 20px; color: #800000;\"><strong>La Chambre des repr\u00e9sentants a commenc\u00e9 \u00e0 s\u2019appuyer sur l\u2019utilisation de l\u2019\u00e9nergie provenant de sources renouvelables, depuis le d\u00e9but du mandat l\u00e9gislatif actuel 2021-2026, dans le cadre de l\u2019implication du parlement dans la politique nationale bas\u00e9e sur les \u00e9nergies renouvelables, la pr\u00e9servation de l\u2019environnement, et la politique d\u2019efficacit\u00e9 \u00e9nerg\u00e9tique.<\/strong><\/span><span id=\"more-390519\"><\/span><\/p>\n<p>La Chambre des repr\u00e9sentants a ainsi install\u00e9 plus de 670 panneaux solaires sur le toit de son b\u00e2timent, afin de produire, dans un premier temps, 420 000 kilowatts par an, ce qui couvre un tiers des besoins \u00e9nerg\u00e9tiques consomm\u00e9s par l\u2019ensemble des installations de la Chambre, en s\u2019appuyant sur des \u00e9quipements \u00e9co-friendly de la \u00ab\u00a0nouvelle g\u00e9n\u00e9ration\u00a0\u00bb, et ce en application du plan \u00ab\u00a0Eco-Parliament\u00a0\u00bb, indique un communiqu\u00e9 de la Chambre des repr\u00e9sentants.<\/p>\n<p>Le recours aux \u00e9nergies renouvelables s\u2019inscrit dans le cadre du plan d\u2019action de la Chambre des repr\u00e9sentants, relatif \u00e0 la pr\u00e9servation de l\u2019environnement, notamment \u00e0 travers la r\u00e9duction de 90% de l\u2019utilisation du papier et la circulation \u00e9lectronique des documents et des donn\u00e9es, explique le communiqu\u00e9.<\/p>\n<p>Le Programme des Nations Unies pour l\u2019Environnement (PNUE) avait choisi le b\u00e2timent de la Chambre des repr\u00e9sentants en 2017 pour faire partie des dix monuments historiques du monde \u00e0 \u00eatre \u00e9clair\u00e9s au vert, \u00e0 l\u2019occasion de la Journ\u00e9e mondiale de l\u2019environnement (5 juin) dans le cadre de l\u2019initiative \u00ab\u00a0Connecting People to Nature\u00a0\u00bb.<\/p>\n<p>La Chambre des repr\u00e9sentants a appliqu\u00e9 cette initiative dans le cadre de son implication dans cette c\u00e9l\u00e9bration citoyenne mondiale et dans le cadre des politiques mises en \u0153uvre par le Royaume en faveur de la protection de l\u2019environnement et son engagement envers l\u2019humanit\u00e9, selon la m\u00eame source.<\/p>\n<p>Le choix de s\u2019appuyer sur l\u2019\u00e9nergie d\u2019origine renouvelable est un acte p\u00e9dagogique et hautement symbolique, surtout que le b\u00e2timent qui abrite le parlement est class\u00e9 patrimoine historique national.<\/p>\n<\/div>\n<p>Auteur: ALM<br \/>\n<a href=\"https:\/\/aujourdhui.ma\/actualite\/la-chambre-des-representants-se-met-a-lenergie-renouvelable\">Cliquez ici pour lire l&rsquo;article depuis sa source.<\/a><\/p>\n","protected":false},"excerpt":{"rendered":"<p>La Chambre des repr\u00e9sentants a commenc\u00e9 \u00e0 s\u2019appuyer sur l\u2019utilisation de l\u2019\u00e9nergie provenant de sources renouvelables, depuis le d\u00e9but du mandat l\u00e9gislatif actuel 2021-2026, dans le cadre de l\u2019implication du parlement dans la politique nationale bas\u00e9e sur les \u00e9nergies renouvelables, la pr\u00e9servation de l\u2019environnement, et la politique d\u2019efficacit\u00e9 \u00e9nerg\u00e9tique. La Chambre des repr\u00e9sentants a ainsi [&hellip;]<\/p>\n","protected":false},"author":1759,"featured_media":0,"comment_status":"closed","ping_status":"closed","sticky":false,"template":"","format":"standard","meta":{"fifu_image_url":"https:\/\/aujourdhui.ma\/wp-content\/uploads\/2021\/11\/Parlement-Maroc-300x153.jpg","fifu_image_alt":"La Chambre des repr\u00e9sentants se met \u00e0 l\u2019\u00e9nergie renouvelable","footnotes":""},"categories":[73,54],"tags":[],"class_list":["post-131785","post","type-post","status-publish","format-standard","hentry","category-actualite","category-maroc"],"_links":{"self":[{"href":"https:\/\/linitiative.ca\/International\/wp-json\/wp\/v2\/posts\/131785","targetHints":{"allow":["GET"]}}],"collection":[{"href":"https:\/\/linitiative.ca\/International\/wp-json\/wp\/v2\/posts"}],"about":[{"href":"https:\/\/linitiative.ca\/International\/wp-json\/wp\/v2\/types\/post"}],"author":[{"embeddable":true,"href":"https:\/\/linitiative.ca\/International\/wp-json\/wp\/v2\/users\/1759"}],"replies":[{"embeddable":true,"href":"https:\/\/linitiative.ca\/International\/wp-json\/wp\/v2\/comments?post=131785"}],"version-history":[{"count":0,"href":"https:\/\/linitiative.ca\/International\/wp-json\/wp\/v2\/posts\/131785\/revisions"}],"wp:attachment":[{"href":"https:\/\/linitiative.ca\/International\/wp-json\/wp\/v2\/media?parent=131785"}],"wp:term":[{"taxonomy":"category","embeddable":true,"href":"https:\/\/linitiative.ca\/International\/wp-json\/wp\/v2\/categories?post=131785"},{"taxonomy":"post_tag","embeddable":true,"href":"https:\/\/linitiative.ca\/International\/wp-json\/wp\/v2\/tags?post=131785"}],"curies":[{"name":"wp","href":"https:\/\/api.w.org\/{rel}","templated":true}]}}