{"id":131796,"date":"2021-11-02T14:00:00","date_gmt":"2021-11-02T18:00:00","guid":{"rendered":"https:\/\/linitiative.ca\/International\/lamazighite-retentit-a-lhemicycle\/"},"modified":"2021-11-02T14:00:00","modified_gmt":"2021-11-02T18:00:00","slug":"lamazighite-retentit-a-lhemicycle","status":"publish","type":"post","link":"https:\/\/linitiative.ca\/International\/lamazighite-retentit-a-lhemicycle\/","title":{"rendered":"L\u2019amazighit\u00e9 retentit \u00e0 l\u2019h\u00e9micycle"},"content":{"rendered":"<div>\n<p class=\"has-text-align-center has-vivid-cyan-blue-color has-text-color\"><strong>Le PPS au Parlement<\/strong><\/p>\n<p class=\"has-text-align-right\"><strong>Saoudi El Amalki<\/strong><\/p>\n<p class=\"has-black-color has-text-color\"><strong>A peine a-t-elle foul\u00e9 le sol de la coupole parlementaire que l\u2019in\u00e9vitable activiste de la cause amazighe, \u00a0Khadija Arouhal, fra\u00eechement \u00e9lue sous l\u2019\u00e9tendard PPS, met du feu \u00e0 la rampe de l\u2019h\u00e9micycle. A voir son fervent plaidoyer en faveur de cette mission patriotique, on est tent\u00e9 plut\u00f4t de dire que, d\u00e9sormais, la langue et la culture amazighes seront entre de bonnes mains, en mati\u00e8re de droit et d\u2019int\u00e9r\u00eat.<\/strong><\/p>\n<p class=\"has-black-color has-text-color\">En effet, r\u00e9cemment lors des questions orales \u00e0 la premi\u00e8re chambre, notre d\u00e9put\u00e9e, tout euphorique de sa t\u00e9nacit\u00e9 habituelle pour l\u2019amazighit\u00e9, a pris la parole, tout d\u2019abord, en sa langue maternelle ensuite arabe classique, pour soulever une probl\u00e9matique d\u2019actualit\u00e9. Selon elle, il est anormal, dans un espace institutionnel, que des propos de haute importance pour la soci\u00e9t\u00e9 marocaine soient assimil\u00e9s par plus de la moiti\u00e9 des populations marocaines, car ces propos sont \u00e9mis uniquement en arabe. Il est imp\u00e9ratif que la traduction prompte et instantan\u00e9e en amazigh, soit introduite en direction des amazighophones, \u00e0 travers le territoire national.<\/p>\n<p class=\"has-black-color has-text-color\">Pour ce faire, il est indispensable de se pencher sur les outils logistiques et les moyens techniques et humains pour pallier \u00e0 cette contradiction constitutionnelle. La journaliste jaillissante Khadija Arouhal n\u2019a pas manqu\u00e9 non plus de mettre l\u2019action sur la pr\u00e9servation des droits de cette large tranche des compatriotes de la nation qui aspire \u00e0 l\u2019\u00e9quit\u00e9 et \u00e0 l\u2019\u00e9galit\u00e9 des chances. Par la suite et en r\u00e9ponse \u00e0 des d\u00e9rapages \u00e9manant de certaines interventions, Rachid Hammouni, pr\u00e9sident du groupe parlementaire du PPS, a d\u00fb leur r\u00e9pliquer que cette man\u0153uvre est du ressort du parlement et non pas du gouvernement, comme avaient pr\u00e9tendu des intervenants en \u00ab\u00a0hors-jeu\u00a0\u00bb. On ne pourra alors que saluer vivement l\u2019engouement de la d\u00e9put\u00e9e Khadija Arouhal pour sa pers\u00e9v\u00e9rance ainsi que le pr\u00e9sident du groupe pour sa lucidit\u00e9.<\/p>\n<p class=\"has-black-color has-text-color\">Par ailleurs, il est \u00e0 constater l\u2019\u00e9tincelante pr\u00e9sence de tous les parlementaires du PPS qui, sit\u00f4t d\u00e9barqu\u00e9s dans ce nouvel \u00e9pisode de la d\u00e9putation, s\u2019attellent ardemment \u00e0 la t\u00e2che de la repr\u00e9sentation et ne m\u00e9nagent aucun effort pour s\u2019en acquitter dignement. Il ne fait pas de doute que ce n\u2019est l\u00e0 que le d\u00e9but d\u2019une longue chevauch\u00e9e au service du peuple et de la nation. Aussi, le parach\u00e8vement de la probl\u00e9matique amazighe n\u2019est, au fait, que l\u2019un des points majeurs de ce mandat, auquel le groupe se penchera corps et \u00e2me\u00a0! \u00a0\u00a0\u00a0\u00a0\u00a0\u00a0\u00a0\u00a0\u00a0<\/p>\n<p>L\u2019article <a rel=\"nofollow\" href=\"http:\/\/albayane.press.ma\/lamazighite-retentit-a-lhemicycle.html\">L\u2019amazighit\u00e9 retentit \u00e0 l\u2019h\u00e9micycle<\/a> est apparu en premier sur <a rel=\"nofollow\" href=\"http:\/\/albayane.press.ma\/\">ALBAYANE<\/a>.<\/p>\n<\/div>\n<p>Auteur: M&rsquo;hammed rahal<br \/>\n<a href=\"http:\/\/albayane.press.ma\/lamazighite-retentit-a-lhemicycle.html\">Cliquez ici pour lire l&rsquo;article depuis sa source.<\/a><\/p>\n","protected":false},"excerpt":{"rendered":"<p>Le PPS au Parlement Saoudi El Amalki A peine a-t-elle foul\u00e9 le sol de la coupole parlementaire que l\u2019in\u00e9vitable activiste de la cause amazighe, \u00a0Khadija Arouhal, fra\u00eechement \u00e9lue sous l\u2019\u00e9tendard PPS, met du feu \u00e0 la rampe de l\u2019h\u00e9micycle. A voir son fervent plaidoyer en faveur de cette mission patriotique, on est tent\u00e9 plut\u00f4t de [&hellip;]<\/p>\n","protected":false},"author":1760,"featured_media":0,"comment_status":"closed","ping_status":"closed","sticky":false,"template":"","format":"standard","meta":{"fifu_image_url":"","fifu_image_alt":"","footnotes":""},"categories":[73,54],"tags":[],"class_list":["post-131796","post","type-post","status-publish","format-standard","hentry","category-actualite","category-maroc"],"_links":{"self":[{"href":"https:\/\/linitiative.ca\/International\/wp-json\/wp\/v2\/posts\/131796","targetHints":{"allow":["GET"]}}],"collection":[{"href":"https:\/\/linitiative.ca\/International\/wp-json\/wp\/v2\/posts"}],"about":[{"href":"https:\/\/linitiative.ca\/International\/wp-json\/wp\/v2\/types\/post"}],"author":[{"embeddable":true,"href":"https:\/\/linitiative.ca\/International\/wp-json\/wp\/v2\/users\/1760"}],"replies":[{"embeddable":true,"href":"https:\/\/linitiative.ca\/International\/wp-json\/wp\/v2\/comments?post=131796"}],"version-history":[{"count":0,"href":"https:\/\/linitiative.ca\/International\/wp-json\/wp\/v2\/posts\/131796\/revisions"}],"wp:attachment":[{"href":"https:\/\/linitiative.ca\/International\/wp-json\/wp\/v2\/media?parent=131796"}],"wp:term":[{"taxonomy":"category","embeddable":true,"href":"https:\/\/linitiative.ca\/International\/wp-json\/wp\/v2\/categories?post=131796"},{"taxonomy":"post_tag","embeddable":true,"href":"https:\/\/linitiative.ca\/International\/wp-json\/wp\/v2\/tags?post=131796"}],"curies":[{"name":"wp","href":"https:\/\/api.w.org\/{rel}","templated":true}]}}