{"id":131798,"date":"2021-11-02T14:00:00","date_gmt":"2021-11-02T18:00:00","guid":{"rendered":"https:\/\/linitiative.ca\/International\/sabah-fakhri-six-pieds-sous-terre\/"},"modified":"2021-11-02T14:00:00","modified_gmt":"2021-11-02T18:00:00","slug":"sabah-fakhri-six-pieds-sous-terre","status":"publish","type":"post","link":"https:\/\/linitiative.ca\/International\/sabah-fakhri-six-pieds-sous-terre\/","title":{"rendered":"Sabah Fakhri, six pieds sous terre"},"content":{"rendered":"<div>\n<p class=\"has-text-align-center has-vivid-red-color has-text-color\"><strong>D\u00e9c\u00e9d\u00e9 \u00e0 l\u2019\u00e2ge de 88 ans \u00e0 Damas<\/strong><\/p>\n<p class=\"has-text-align-right has-black-color has-text-color\"><strong>A\u00efmen Bouzoggaghe<\/strong><\/p>\n<p class=\"has-black-color has-text-color\"><strong>L\u2019une des derni\u00e8res icones de la chanson arabe s\u2019est \u00e9teinte hier \u00e0 l\u2019\u00e2ge de 88 ans. Sabah Fakhri dont la mort a \u00e9t\u00e9 annonc\u00e9e, hier, 2 novembre 2021, dans la matin\u00e9e, par le minist\u00e8re de l\u2019Information et le Syndicat des artistes en Syrie, a quitt\u00e9 ce monde dans un h\u00f4pital de Damas laissant derri\u00e8re lui une carri\u00e8re tr\u00e8s riche qui s\u2019\u00e9tend sur plus d\u2019un demi-si\u00e8cle.<\/strong><\/p>\n<p class=\"has-black-color has-text-color\">Figure embl\u00e9matique du Tarab, Sabah Fakhri est n\u00e9 \u00e0 Alep en 1933. Il a fait ses d\u00e9buts dans les nach\u00eeds (chants religieux musulmans), aupr\u00e8s de son p\u00e8re qui l\u2019emmenait aux veill\u00e9es soufies. La carri\u00e8re musicale du petit Sabah Eddine Abou Kaws (son vrai nom), d\u00e9marre localement \u00e0 l\u2019\u00e2ge de 12 ans lorsqu\u2019il commence \u00e0 ma\u00eetriser le r\u00e9pertoire des chansons traditionnelles al\u00e9pines connues sous le nom de \u00ab\u00a0qoudoud\u00a0\u00bb. \u00a0Peu de temps apr\u00e8s, il int\u00e8gre le conservatoire sur insistance de Fakhri Al-Baroudi, ancien leader politique qui a quitt\u00e9 le parlement pour se consacrer au soutien du mouvement artistique en Syrie. D\u2019ailleurs, lorsque les portes de la c\u00e9l\u00e9brit\u00e9 ont commenc\u00e9 \u00e0 s\u2019ouvrir, Sabah a d\u00e9cid\u00e9 d\u2019ajouter Fakhri \u00e0 son nom artistique en guise de gratitude \u00e0 celui qui l\u2019a pr\u00e9sent\u00e9 \u00e0 la radio et \u00e0 la t\u00e9l\u00e9vision.<\/p>\n<p class=\"has-black-color has-text-color\">Sous la <strong>direction<\/strong> de son mentor, Sabah Fakhri donne un souffle nouveau au patrimoine musical syrien en y introduisant de nouveaux instruments et sa voix puissante a vite fait de lui un ma\u00eetre incontest\u00e9 du Mawwal.<\/p>\n<p class=\"has-black-color has-text-color\">Chanteur infatigable, ses capacit\u00e9s vocales hors normes\u00a0lui ont valu d\u2019entrer au Guinness World Records comme \u00e9tant le premier artiste \u00e0 chanter pendant dix heures d\u2019affil\u00e9e lors d\u2019un concert \u00e0 Caracas, capitale du Venezuela. Il a \u00e9galement re\u00e7u, tout au long de sa carri\u00e8re, plusieurs prix et d\u00e9corations.<\/p>\n<p class=\"has-black-color has-text-color\">D\u2019apr\u00e8s le chercheur tunisien, Elias Bouden, la discographie du d\u00e9funt contient 347 titres dont 110 de l\u2019ancien Tarab,\u00a0le reste est compos\u00e9 \u00e0 des collaborations avec plusieurs lyristes et compositeurs, pour la majorit\u00e9, syriens et \u00e9gyptiens.\u00a0<\/p>\n<p class=\"has-black-color has-text-color\">Tr\u00e8s appr\u00e9ci\u00e9 au Maroc, il \u00e9tait un habitu\u00e9 des manifestations artistiques organis\u00e9es au Royaume notamment le festival de F\u00e8s des musiques sacr\u00e9es du monde.<\/p>\n<p>L\u2019article <a rel=\"nofollow\" href=\"http:\/\/albayane.press.ma\/sabah-fakhri-six-pieds-sous-terre.html\">Sabah Fakhri, six pieds sous terre<\/a> est apparu en premier sur <a rel=\"nofollow\" href=\"http:\/\/albayane.press.ma\/\">ALBAYANE<\/a>.<\/p>\n<\/div>\n<p>Auteur: M&rsquo;hammed rahal<br \/>\n<a href=\"http:\/\/albayane.press.ma\/sabah-fakhri-six-pieds-sous-terre.html\">Cliquez ici pour lire l&rsquo;article depuis sa source.<\/a><\/p>\n","protected":false},"excerpt":{"rendered":"<p>D\u00e9c\u00e9d\u00e9 \u00e0 l\u2019\u00e2ge de 88 ans \u00e0 Damas A\u00efmen Bouzoggaghe L\u2019une des derni\u00e8res icones de la chanson arabe s\u2019est \u00e9teinte hier \u00e0 l\u2019\u00e2ge de 88 ans. Sabah Fakhri dont la mort a \u00e9t\u00e9 annonc\u00e9e, hier, 2 novembre 2021, dans la matin\u00e9e, par le minist\u00e8re de l\u2019Information et le Syndicat des artistes en Syrie, a quitt\u00e9 [&hellip;]<\/p>\n","protected":false},"author":1760,"featured_media":0,"comment_status":"closed","ping_status":"closed","sticky":false,"template":"","format":"standard","meta":{"fifu_image_url":"","fifu_image_alt":"","footnotes":""},"categories":[73,54],"tags":[],"class_list":["post-131798","post","type-post","status-publish","format-standard","hentry","category-actualite","category-maroc"],"_links":{"self":[{"href":"https:\/\/linitiative.ca\/International\/wp-json\/wp\/v2\/posts\/131798","targetHints":{"allow":["GET"]}}],"collection":[{"href":"https:\/\/linitiative.ca\/International\/wp-json\/wp\/v2\/posts"}],"about":[{"href":"https:\/\/linitiative.ca\/International\/wp-json\/wp\/v2\/types\/post"}],"author":[{"embeddable":true,"href":"https:\/\/linitiative.ca\/International\/wp-json\/wp\/v2\/users\/1760"}],"replies":[{"embeddable":true,"href":"https:\/\/linitiative.ca\/International\/wp-json\/wp\/v2\/comments?post=131798"}],"version-history":[{"count":0,"href":"https:\/\/linitiative.ca\/International\/wp-json\/wp\/v2\/posts\/131798\/revisions"}],"wp:attachment":[{"href":"https:\/\/linitiative.ca\/International\/wp-json\/wp\/v2\/media?parent=131798"}],"wp:term":[{"taxonomy":"category","embeddable":true,"href":"https:\/\/linitiative.ca\/International\/wp-json\/wp\/v2\/categories?post=131798"},{"taxonomy":"post_tag","embeddable":true,"href":"https:\/\/linitiative.ca\/International\/wp-json\/wp\/v2\/tags?post=131798"}],"curies":[{"name":"wp","href":"https:\/\/api.w.org\/{rel}","templated":true}]}}