{"id":131815,"date":"2021-11-03T10:02:40","date_gmt":"2021-11-03T14:02:40","guid":{"rendered":"https:\/\/linitiative.ca\/International\/oujda-hausse-de-08-de-lipc-en-septembre\/"},"modified":"2021-11-03T10:02:40","modified_gmt":"2021-11-03T14:02:40","slug":"oujda-hausse-de-08-de-lipc-en-septembre","status":"publish","type":"post","link":"https:\/\/linitiative.ca\/International\/oujda-hausse-de-08-de-lipc-en-septembre\/","title":{"rendered":"Oujda : Hausse de 0,8% de l\u2019IPC en septembre"},"content":{"rendered":"<div>\n<div style=\"margin-bottom:20px;\"><img loading=\"lazy\" decoding=\"async\" width=\"750\" height=\"430\" src=\"https:\/\/linitiative.ca\/International\/wp-content\/uploads\/sites\/23\/2021\/11\/La-commune-dOujda-M750C397430-MAP.jpg\" class=\"attachment-post-thumbnail size-post-thumbnail wp-post-image\" alt=\"\" srcset=\"https:\/\/linitiative.ca\/International\/wp-content\/uploads\/sites\/23\/2021\/11\/La-commune-dOujda-M750C397430-MAP.jpg 750w, http:\/\/www.mapoujda.ma\/map\/uploads\/2020\/04\/La-commune-dOujda-M750\u00d7430-MAP-300x172.jpg 300w\" sizes=\"auto, (max-width: 750px) 100vw, 750px\"><\/div>\n<div>\n<p style=\"text-align: justify;\">L\u2019indice des prix \u00e0 la consommation (IPC) a connu, au niveau de la ville d\u2019Oujda, une hausse de 0,8% au cours du mois de septembre 2021, par rapport au mois pr\u00e9c\u00e9dent.<\/p>\n<p style=\"text-align: justify;\">Cette variation est le r\u00e9sultat de la hausse de l\u2019indice des produits alimentaires de 1,9% et d\u2019une stagnation de l\u2019indice des produits non alimentaires, indique une note de la direction r\u00e9gionale de l\u2019Oriental du Haut-commissariat au plan (HCP).<\/p>\n<p style=\"text-align: justify;\">Les hausses des prix des produits alimentaires observ\u00e9es entre les mois d\u2019ao\u00fbt et septembre 2021 concernent principalement les \u00abPoissons et fruits de mer\u00bb avec 9,6%, le \u00abPain et C\u00e9r\u00e9ales\u00bb avec 4,3%, les \u00abHuiles et Graisses\u00bb avec 2,3%, les \u00abViandes\u00bb avec 1,0%, le \u00abLait, Fromage et \u0152ufs\u00bb avec 0,8% et les \u00abFruits\u00bb et les \u00abL\u00e9gumes\u00bb avec 0,2%.<\/p>\n<p style=\"text-align: justify;\">En revanche, les prix ont diminu\u00e9 de 1,1% pour les \u00abEaux Min\u00e9rales, Boissons Rafraichissantes, Jus de Fruits et de L\u00e9gumes\u00bb. Pour les produits non alimentaires, les prix ont augment\u00e9 pour les \u00abcarburants\u00bb de 0,7%.<\/p>\n<p style=\"text-align: justify;\">Compar\u00e9 au m\u00eame mois de l\u2019ann\u00e9e pr\u00e9c\u00e9dente, l\u2019IPC a enregistr\u00e9 une hausse de 1,0% au cours du mois de septembre 2021, cons\u00e9quence de la hausse de l\u2019indice des produits alimentaires de 0,3% et de l\u2019indice des produits non alimentaires de 1,4%.<\/p>\n<p style=\"text-align: justify;\">La hausse des prix des produits alimentaires est due \u00e0 l\u2019augmentation des prix des \u00abProduits alimentaires et boissons non alcoolis\u00e9es\u00bb de 0,2% et des prix des \u00abBoissons alcoolis\u00e9es et tabac\u00bb de 2,3%. Pour les produits non alimentaires, les variations vont d\u2019une baisse de 0,3% pour les \u00abLoisirs et culture\u00bb \u00e0 une hausse de 7,1% pour le \u00abTransport\u00bb.<\/p>\n<p style=\"text-align: justify;\">Concernant les neuf premiers mois de l\u2019ann\u00e9e 2021, l\u2019IPC a connu une hausse de 0,7% par rapport \u00e0 la m\u00eame p\u00e9riode de l\u2019ann\u00e9e pr\u00e9c\u00e9dente due \u00e0 une stagnation de l\u2019indice des prix des produits alimentaires et \u00e0 une hausse de l\u2019indice des prix des produits non alimentaires de 1,2%.<\/p>\n<p style=\"text-align: justify;\">L\u2019IPC mesure l\u2019\u00e9volution relative des prix de vente au d\u00e9tail des produits de consommation courante de la population urbaine dans le temps et dans l\u2019espace. Il sert essentiellement \u00e0 mesurer le niveau g\u00e9n\u00e9ral de l\u2019inflation et suivre et analyser la conjoncture \u00e9conomique.<\/p>\n<\/div>\n<p>L\u2019article <a rel=\"nofollow\" href=\"http:\/\/www.mapoujda.ma\/fr\/oujda-hausse-de-08-de-lipc-en-septembre\/\">Oujda : Hausse de 0,8% de l\u2019IPC en septembre<\/a> est apparu en premier sur <a rel=\"nofollow\" href=\"http:\/\/www.mapoujda.ma\/fr\">MapOujda<\/a>.<\/p>\n<\/div>\n<p>Auteur: Soufiane ELAHMAR<br \/>\n<a href=\"http:\/\/www.mapoujda.ma\/fr\/oujda-hausse-de-08-de-lipc-en-septembre\/\">Cliquez ici pour lire l&rsquo;article depuis sa source.<\/a><\/p>\n","protected":false},"excerpt":{"rendered":"<p>L\u2019indice des prix \u00e0 la consommation (IPC) a connu, au niveau de la ville d\u2019Oujda, une hausse de 0,8% au cours du mois de septembre 2021, par rapport au mois pr\u00e9c\u00e9dent. Cette variation est le r\u00e9sultat de la hausse de l\u2019indice des produits alimentaires de 1,9% et d\u2019une stagnation de l\u2019indice des produits non alimentaires, [&hellip;]<\/p>\n","protected":false},"author":1788,"featured_media":0,"comment_status":"closed","ping_status":"closed","sticky":false,"template":"","format":"standard","meta":{"fifu_image_url":"http:\/\/www.mapoujda.ma\/map\/uploads\/2020\/04\/La-commune-dOujda-M750\u00d7430-MAP.jpg","fifu_image_alt":"Oujda : Hausse de 0,8% de l\u2019IPC en septembre","footnotes":""},"categories":[54,76],"tags":[],"class_list":["post-131815","post","type-post","status-publish","format-standard","hentry","category-maroc","category-regions"],"_links":{"self":[{"href":"https:\/\/linitiative.ca\/International\/wp-json\/wp\/v2\/posts\/131815","targetHints":{"allow":["GET"]}}],"collection":[{"href":"https:\/\/linitiative.ca\/International\/wp-json\/wp\/v2\/posts"}],"about":[{"href":"https:\/\/linitiative.ca\/International\/wp-json\/wp\/v2\/types\/post"}],"author":[{"embeddable":true,"href":"https:\/\/linitiative.ca\/International\/wp-json\/wp\/v2\/users\/1788"}],"replies":[{"embeddable":true,"href":"https:\/\/linitiative.ca\/International\/wp-json\/wp\/v2\/comments?post=131815"}],"version-history":[{"count":0,"href":"https:\/\/linitiative.ca\/International\/wp-json\/wp\/v2\/posts\/131815\/revisions"}],"wp:attachment":[{"href":"https:\/\/linitiative.ca\/International\/wp-json\/wp\/v2\/media?parent=131815"}],"wp:term":[{"taxonomy":"category","embeddable":true,"href":"https:\/\/linitiative.ca\/International\/wp-json\/wp\/v2\/categories?post=131815"},{"taxonomy":"post_tag","embeddable":true,"href":"https:\/\/linitiative.ca\/International\/wp-json\/wp\/v2\/tags?post=131815"}],"curies":[{"name":"wp","href":"https:\/\/api.w.org\/{rel}","templated":true}]}}