{"id":131893,"date":"2021-11-04T08:30:34","date_gmt":"2021-11-04T12:30:34","guid":{"rendered":"https:\/\/linitiative.ca\/International\/du-1er-au-5-novembre-2021-lum6p-met-la-science-a-lhonneur\/"},"modified":"2021-11-04T08:30:34","modified_gmt":"2021-11-04T12:30:34","slug":"du-1er-au-5-novembre-2021-lum6p-met-la-science-a-lhonneur","status":"publish","type":"post","link":"https:\/\/linitiative.ca\/International\/du-1er-au-5-novembre-2021-lum6p-met-la-science-a-lhonneur\/","title":{"rendered":"Du 1er au 5 novembre 2021 : L\u2019UM6P met la science \u00e0 l\u2019honneur"},"content":{"rendered":"<div>\n<p><img loading=\"lazy\" decoding=\"async\" width=\"300\" height=\"153\" src=\"https:\/\/linitiative.ca\/International\/wp-content\/uploads\/sites\/23\/2021\/11\/UM6P-met-la-science-a-lhonneur-300x153-1.jpg\" class=\"attachment-medium size-medium wp-post-image\" alt=\"\" srcset=\"https:\/\/linitiative.ca\/International\/wp-content\/uploads\/sites\/23\/2021\/11\/UM6P-met-la-science-a-lhonneur-300x153-1.jpg 300w, https:\/\/aujourdhui.ma\/wp-content\/uploads\/2021\/11\/UM6P-met-la-science-a-lhonneur-274x140.jpg 274w, https:\/\/aujourdhui.ma\/wp-content\/uploads\/2021\/11\/UM6P-met-la-science-a-lhonneur.jpg 746w, https:\/\/aujourdhui.ma\/wp-content\/uploads\/2021\/11\/UM6P-met-la-science-a-lhonneur-165x84.jpg 165w, https:\/\/aujourdhui.ma\/wp-content\/uploads\/2021\/11\/UM6P-met-la-science-a-lhonneur-702x358.jpg 702w\" sizes=\"auto, (max-width: 300px) 100vw, 300px\"><\/p>\n<p><span style=\"color: #800000;\"><strong>Intelligence artificielle, astronomie, pratique scientifique, religion\u2026 autant de th\u00e9matiques d\u00e9battues lors de la premi\u00e8re \u00e9dition de la Semaine de la science organis\u00e9e du 1er au 7 novembre 2021 par l\u2019Universit\u00e9 Mohammed VI Polytechnique \u00e0 Bengu\u00e9rir.<\/strong><\/span><span id=\"more-390590\"><\/span><\/p>\n<p>\u00abCet \u00e9v\u00e9nement apporte sa propre pierre aux grands chantiers de transition des \u00e9conomies marocaine et africaine, fond\u00e9es sur la science, la technologie et l\u2019innovation. En toute l\u00e9gitimit\u00e9, les hommes, les femmes et les territoires attendent des solutions pour l\u2019avenir, ils attendent que la science transforme leur vie, positivement\u00bb, indique Hicham El Habti, pr\u00e9sident de l\u2019UM6P, lors de la s\u00e9ance d\u2019ouverture qui s\u2019est d\u00e9roul\u00e9e le 3 novembre 2021 ajoutant que \u00abd\u00e8s sa cr\u00e9ation, sous l\u2019\u00e9gide de Sa Majest\u00e9 le Roi Mohammed VI, l\u2019UM6P a plac\u00e9 la recherche scientifique, l\u2019excellence et la diffusion du savoir au c\u0153ur de sa strat\u00e9gie\u00bb.<\/p>\n<p><span style=\"color: #ff0000;\"><strong>La transmission du savoir<\/strong><\/span><\/p>\n<p>Les universit\u00e9s sont les v\u00e9ritables temples du savoir. Elles permettraient de constituer un h\u00e9ritage scientifique pour les g\u00e9n\u00e9rations futures. Un \u00e9tat d\u2019esprit que l\u2019UM6P a adopt\u00e9 pour former des jeunes chercheurs qui pourront assurer la rel\u00e8ve. \u00abA travers des colloques, des conf\u00e9rences, des ateliers et des expositions, chaque d\u00e9partement de l\u2019universit\u00e9 souligne l\u2019aspect fondamental des sciences dans sa pratique universitaire\u00bb, affirme le pr\u00e9sident de l\u2019UM6P. Au cours de cette semaine, des experts exposeront leur point de vue et proposeront de d\u00e9battre avec le public et les \u00e9tudiants, afin de construire une r\u00e9flexion participative autour des sujets de la science. Tenue en pr\u00e9sentiel et en distanciel, cette rencontre est l\u2019occasion pour les participants d\u2019aborder la science en regard des autres grands th\u00e8mes qui animent nos soci\u00e9t\u00e9s comme la politique, la religion, l\u2019environnement, la philosophie ou encore l\u2019art. Ce rendez-vous de la science est \u00abaussi une occasion d\u2019instaurer l\u2019autonomie et la primaute\u0301 de la science au centre des pr\u00e9occupations de nos \u00e9tudiants et de nos programmes\u00bb, souligne Hicham El Habti. L\u2019ensemble des conf\u00e9rences est diffus\u00e9 en simultan\u00e9 au campus de l\u2019UM6P \u00e0 Rabat et \u00e0 Laayoune.<\/p>\n<p><strong><span style=\"color: #ff0000;\">L\u2019Afrique : Un r\u00e9servoir de talents<\/span> <\/strong><\/p>\n<p>L\u2019Afrique ne se r\u00e9sume pas \u00e0 des ressources naturelles. C\u2019est aussi un continent qui regorge de comp\u00e9tences, notamment dans le domaine scientifique. \u00abLe continent africain n\u2019est plus une simple r\u00e9serve de mati\u00e8res premi\u00e8res \u00e0 destination des autres continents. Gr\u00e2ce \u00e0 la science, l\u2019Afrique ind\u00e9pendante devient son propre laboratoire exp\u00e9rimental. Elle acquiert son savoir-faire et construit sa valeur ajout\u00e9e, avec l\u2019ambition de conforter son autonomie et d\u2019occuper une position strat\u00e9gique dans l\u2019\u00e9chiquier mondial\u00bb, pr\u00e9cise le pr\u00e9sident de l\u2019UM6P. Et de poursuivre : \u00abLes questions de la jeunesse, de la sant\u00e9, de la s\u00e9curit\u00e9 alimentaire, de la pr\u00e9servation environnementale\u2026. toutes attendent beaucoup des innovations scientifiques que nos \u00e9tudiants et chercheurs produisent au sein de l\u2019\u00e9cosyst\u00e8me UM6P. La Semaine de la science a vocation \u00e0 donner de la visibilit\u00e9 \u00e0 ce potentiel scientifique\u00bb.<\/p>\n<p><span style=\"color: #ff0000;\"><strong>Les pr\u00e9curseurs arabes de la pens\u00e9e scientifique<\/strong><\/span><\/p>\n<p>Entre le 8\u00e8me et le 12\u00e8me si\u00e8cles, les savants arabes ont contribu\u00e9 \u00e0 plusieurs th\u00e9ories et recherches qui composent la pens\u00e9e humaine et universelle. Ils sont m\u00eame \u00e0 l\u2019origine d\u2019un grand nombre de d\u00e9couvertes. Ibn Al Haytham, Al Razi, Al Biruni, Al Jahid, Ibn Khaldun, Ibn Qurra font partie des grands penseurs ayant influenc\u00e9 l\u2019\u00e9volution de la science dans le monde. Ces savants \u00e9taient pr\u00e9curseurs dans leurs disciplines et ont r\u00e9ussi \u00e0 marier leurs raisonnements scientifiques \u00e0 la religion. \u00abLa science arabe a brill\u00e9 par le pass\u00e9, elle peut \u00e0 nouveau \u00e9clairer nos ambitions de d\u00e9veloppement durable, \u00e0 l\u2019image de la fabuleuse avanc\u00e9e de la technologie digitale qui ouvre d\u2019immenses opportunit\u00e9s et facilite le partage de connaissances scientifiques avec le plus grand nombre d\u2019Africains\u00bb, explique Hicham El Habti avant de conclure avec une citation d\u2019Ibn Rochd : \u00abLe savoir acquis dans un pays \u00e9tranger peut \u00eatre une patrie, et l\u2019ignorance peut \u00eatre un exil v\u00e9cu dans son propre pays\u00bb.<\/p>\n<p>\u00a0<\/p>\n<\/div>\n<p>Auteur: Ouchagour Leila<br \/>\n<a href=\"https:\/\/aujourdhui.ma\/societe\/du-1er-au-5-novembre-2021-lum6p-met-la-science-a-lhonneur\">Cliquez ici pour lire l&rsquo;article depuis sa source.<\/a><\/p>\n","protected":false},"excerpt":{"rendered":"<p>Intelligence artificielle, astronomie, pratique scientifique, religion\u2026 autant de th\u00e9matiques d\u00e9battues lors de la premi\u00e8re \u00e9dition de la Semaine de la science organis\u00e9e du 1er au 7 novembre 2021 par l\u2019Universit\u00e9 Mohammed VI Polytechnique \u00e0 Bengu\u00e9rir. \u00abCet \u00e9v\u00e9nement apporte sa propre pierre aux grands chantiers de transition des \u00e9conomies marocaine et africaine, fond\u00e9es sur la science, [&hellip;]<\/p>\n","protected":false},"author":1759,"featured_media":0,"comment_status":"closed","ping_status":"closed","sticky":false,"template":"","format":"standard","meta":{"fifu_image_url":"https:\/\/aujourdhui.ma\/wp-content\/uploads\/2021\/11\/UM6P-met-la-science-a-lhonneur-300x153.jpg","fifu_image_alt":"Du 1er au 5 novembre 2021 : L\u2019UM6P met la science \u00e0 l\u2019honneur","footnotes":""},"categories":[73,54],"tags":[],"class_list":["post-131893","post","type-post","status-publish","format-standard","hentry","category-actualite","category-maroc"],"_links":{"self":[{"href":"https:\/\/linitiative.ca\/International\/wp-json\/wp\/v2\/posts\/131893","targetHints":{"allow":["GET"]}}],"collection":[{"href":"https:\/\/linitiative.ca\/International\/wp-json\/wp\/v2\/posts"}],"about":[{"href":"https:\/\/linitiative.ca\/International\/wp-json\/wp\/v2\/types\/post"}],"author":[{"embeddable":true,"href":"https:\/\/linitiative.ca\/International\/wp-json\/wp\/v2\/users\/1759"}],"replies":[{"embeddable":true,"href":"https:\/\/linitiative.ca\/International\/wp-json\/wp\/v2\/comments?post=131893"}],"version-history":[{"count":0,"href":"https:\/\/linitiative.ca\/International\/wp-json\/wp\/v2\/posts\/131893\/revisions"}],"wp:attachment":[{"href":"https:\/\/linitiative.ca\/International\/wp-json\/wp\/v2\/media?parent=131893"}],"wp:term":[{"taxonomy":"category","embeddable":true,"href":"https:\/\/linitiative.ca\/International\/wp-json\/wp\/v2\/categories?post=131893"},{"taxonomy":"post_tag","embeddable":true,"href":"https:\/\/linitiative.ca\/International\/wp-json\/wp\/v2\/tags?post=131893"}],"curies":[{"name":"wp","href":"https:\/\/api.w.org\/{rel}","templated":true}]}}