{"id":131972,"date":"2021-11-04T16:58:53","date_gmt":"2021-11-04T20:58:53","guid":{"rendered":"https:\/\/linitiative.ca\/International\/appel-au-respect-du-drapeau-national-un-combat-necessaire-mais-difficile\/"},"modified":"2021-11-04T16:58:53","modified_gmt":"2021-11-04T20:58:53","slug":"appel-au-respect-du-drapeau-national-un-combat-necessaire-mais-difficile","status":"publish","type":"post","link":"https:\/\/linitiative.ca\/International\/appel-au-respect-du-drapeau-national-un-combat-necessaire-mais-difficile\/","title":{"rendered":"APPEL AU RESPECT DU DRAPEAU NATIONAL : Un combat  n\u00e9cessaire mais difficile"},"content":{"rendered":"<div>\n<p><img decoding=\"async\" width=\"1137\" height=\"636\" src=\"https:\/\/linitiative.ca\/International\/wp-content\/uploads\/sites\/23\/2021\/11\/lepaysresponsive-1.png\" class=\"attachment- default-featured-img\" alt=\"\" loading=\"lazy\" srcset=\"https:\/\/linitiative.ca\/International\/wp-content\/uploads\/sites\/23\/2021\/11\/lepaysresponsive-1.png 1137w, https:\/\/lepays.bf\/wp-content\/uploads\/2017\/07\/lepaysresponsive-300x168.png 300w, https:\/\/lepays.bf\/wp-content\/uploads\/2017\/07\/lepaysresponsive-768x430.png 768w, https:\/\/lepays.bf\/wp-content\/uploads\/2017\/07\/lepaysresponsive-1024x573.png 1024w\" sizes=\"auto, (max-width: 1137px) 100vw, 1137px\">Le minist\u00e8re de la Justice, des droits humains et de la promotion civique a proc\u00e9d\u00e9, le 2 novembre dernier, au lancement de la Journ\u00e9e nationale du drapeau. A cette occasion, la premi\u00e8re responsable dudit d\u00e9partement qu\u2019est Victorine Ou\u00e9draogo\/Kibora, a rappel\u00e9 la n\u00e9cessit\u00e9 de respecter le drapeau national qui, dit-elle, \u00ab\u00a0plus\u00a0 qu\u2019une \u00e9toffe, repr\u00e9sente, avec les \u2026<\/p>\n<p>L\u2019article <a rel=\"nofollow\" href=\"https:\/\/lepays.bf\/appel-au-respect-du-drapeau-national-un-combat-necessaire-mais-difficile\/\">APPEL AU RESPECT DU DRAPEAU NATIONAL : Un combat  n\u00e9cessaire mais difficile<\/a> est apparu en premier sur <a rel=\"nofollow\" href=\"https:\/\/lepays.bf\/\">Editions Le Pays<\/a>.<\/p>\n<\/div>\n<p>Auteur: Editions LEPAYS<br \/>\n<a href=\"https:\/\/lepays.bf\/appel-au-respect-du-drapeau-national-un-combat-necessaire-mais-difficile\/\">Cliquez ici pour lire l&rsquo;article depuis sa source.<\/a><\/p>\n","protected":false},"excerpt":{"rendered":"<p>Le minist\u00e8re de la Justice, des droits humains et de la promotion civique a proc\u00e9d\u00e9, le 2 novembre dernier, au lancement de la Journ\u00e9e nationale du drapeau. A cette occasion, la premi\u00e8re responsable dudit d\u00e9partement qu\u2019est Victorine Ou\u00e9draogo\/Kibora, a rappel\u00e9 la n\u00e9cessit\u00e9 de respecter le drapeau national qui, dit-elle, \u00ab\u00a0plus\u00a0 qu\u2019une \u00e9toffe, repr\u00e9sente, avec les [&hellip;]<\/p>\n","protected":false},"author":1813,"featured_media":0,"comment_status":"closed","ping_status":"closed","sticky":false,"template":"","format":"standard","meta":{"fifu_image_url":"https:\/\/lepays.bf\/wp-content\/uploads\/2017\/07\/lepaysresponsive.png","fifu_image_alt":"APPEL AU RESPECT DU DRAPEAU NATIONAL : Un combat  n\u00e9cessaire mais difficile","footnotes":""},"categories":[73,81],"tags":[],"class_list":["post-131972","post","type-post","status-publish","format-standard","hentry","category-actualite","category-burkina-faso"],"_links":{"self":[{"href":"https:\/\/linitiative.ca\/International\/wp-json\/wp\/v2\/posts\/131972","targetHints":{"allow":["GET"]}}],"collection":[{"href":"https:\/\/linitiative.ca\/International\/wp-json\/wp\/v2\/posts"}],"about":[{"href":"https:\/\/linitiative.ca\/International\/wp-json\/wp\/v2\/types\/post"}],"author":[{"embeddable":true,"href":"https:\/\/linitiative.ca\/International\/wp-json\/wp\/v2\/users\/1813"}],"replies":[{"embeddable":true,"href":"https:\/\/linitiative.ca\/International\/wp-json\/wp\/v2\/comments?post=131972"}],"version-history":[{"count":0,"href":"https:\/\/linitiative.ca\/International\/wp-json\/wp\/v2\/posts\/131972\/revisions"}],"wp:attachment":[{"href":"https:\/\/linitiative.ca\/International\/wp-json\/wp\/v2\/media?parent=131972"}],"wp:term":[{"taxonomy":"category","embeddable":true,"href":"https:\/\/linitiative.ca\/International\/wp-json\/wp\/v2\/categories?post=131972"},{"taxonomy":"post_tag","embeddable":true,"href":"https:\/\/linitiative.ca\/International\/wp-json\/wp\/v2\/tags?post=131972"}],"curies":[{"name":"wp","href":"https:\/\/api.w.org\/{rel}","templated":true}]}}