{"id":131974,"date":"2021-11-04T17:02:36","date_gmt":"2021-11-04T21:02:36","guid":{"rendered":"https:\/\/linitiative.ca\/International\/retour-de-sophie-petronin-au-mali-il-ne-faut-pas-tenter-le-diable\/"},"modified":"2021-11-04T17:02:36","modified_gmt":"2021-11-04T21:02:36","slug":"retour-de-sophie-petronin-au-mali-il-ne-faut-pas-tenter-le-diable","status":"publish","type":"post","link":"https:\/\/linitiative.ca\/International\/retour-de-sophie-petronin-au-mali-il-ne-faut-pas-tenter-le-diable\/","title":{"rendered":"RETOUR DE SOPHIE PETRONIN AU MALI : Il ne faut pas tenter le diable"},"content":{"rendered":"<div>\n<p><img decoding=\"async\" width=\"1280\" height=\"720\" src=\"https:\/\/linitiative.ca\/International\/wp-content\/uploads\/sites\/23\/2021\/11\/ap20283013971018_0.jpg\" class=\"attachment- size- wp-post-image\" alt=\"\" loading=\"lazy\" style=\"float:left; margin:0 15px 15px 0;\" srcset=\"https:\/\/linitiative.ca\/International\/wp-content\/uploads\/sites\/23\/2021\/11\/ap20283013971018_0.jpg 1280w, https:\/\/lepays.bf\/wp-content\/uploads\/2021\/11\/ap20283013971018_0-300x169.jpg 300w, https:\/\/lepays.bf\/wp-content\/uploads\/2021\/11\/ap20283013971018_0-1024x576.jpg 1024w, https:\/\/lepays.bf\/wp-content\/uploads\/2021\/11\/ap20283013971018_0-768x432.jpg 768w, https:\/\/lepays.bf\/wp-content\/uploads\/2021\/11\/ap20283013971018_0-390x220.jpg 390w\" sizes=\"auto, (max-width: 1280px) 100vw, 1280px\">Quelle mouche a bien pu piquer Sophie P\u00e9tronin, l\u2019ex-otage retourn\u00e9e au Mali et recherch\u00e9e par la gendarmerie malienne pour on ne sait encore, quelle raison\u00a0? \u00a0Lib\u00e9r\u00e9e, de m\u00eame que le d\u00e9funt opposant malien, Soumaila Ciss\u00e9, le 8 octobre 2020, \u00e0 prix d\u2019or (contre \u00e9change de prisonniers terroristes maliens), apr\u00e8s quatre ann\u00e9es de captivit\u00e9 dans le \u2026<\/p>\n<p>L\u2019article <a rel=\"nofollow\" href=\"https:\/\/lepays.bf\/retour-de-sophie-petronin-au-mali-il-ne-faut-pas-tenter-le-diable\/\">RETOUR DE SOPHIE PETRONIN AU MALI : Il ne faut pas tenter le diable<\/a> est apparu en premier sur <a rel=\"nofollow\" href=\"https:\/\/lepays.bf\/\">Editions Le Pays<\/a>.<\/p>\n<\/div>\n<p>Auteur: Editions LEPAYS<br \/>\n<a href=\"https:\/\/lepays.bf\/retour-de-sophie-petronin-au-mali-il-ne-faut-pas-tenter-le-diable\/\">Cliquez ici pour lire l&rsquo;article depuis sa source.<\/a><\/p>\n","protected":false},"excerpt":{"rendered":"<p>Quelle mouche a bien pu piquer Sophie P\u00e9tronin, l\u2019ex-otage retourn\u00e9e au Mali et recherch\u00e9e par la gendarmerie malienne pour on ne sait encore, quelle raison\u00a0? \u00a0Lib\u00e9r\u00e9e, de m\u00eame que le d\u00e9funt opposant malien, Soumaila Ciss\u00e9, le 8 octobre 2020, \u00e0 prix d\u2019or (contre \u00e9change de prisonniers terroristes maliens), apr\u00e8s quatre ann\u00e9es de captivit\u00e9 dans le [&hellip;]<\/p>\n","protected":false},"author":1813,"featured_media":0,"comment_status":"closed","ping_status":"closed","sticky":false,"template":"","format":"standard","meta":{"fifu_image_url":"https:\/\/lepays.bf\/wp-content\/uploads\/2021\/11\/ap20283013971018_0.jpg","fifu_image_alt":"RETOUR DE SOPHIE PETRONIN AU MALI : Il ne faut pas tenter le diable","footnotes":""},"categories":[73,81],"tags":[],"class_list":["post-131974","post","type-post","status-publish","format-standard","hentry","category-actualite","category-burkina-faso"],"_links":{"self":[{"href":"https:\/\/linitiative.ca\/International\/wp-json\/wp\/v2\/posts\/131974","targetHints":{"allow":["GET"]}}],"collection":[{"href":"https:\/\/linitiative.ca\/International\/wp-json\/wp\/v2\/posts"}],"about":[{"href":"https:\/\/linitiative.ca\/International\/wp-json\/wp\/v2\/types\/post"}],"author":[{"embeddable":true,"href":"https:\/\/linitiative.ca\/International\/wp-json\/wp\/v2\/users\/1813"}],"replies":[{"embeddable":true,"href":"https:\/\/linitiative.ca\/International\/wp-json\/wp\/v2\/comments?post=131974"}],"version-history":[{"count":0,"href":"https:\/\/linitiative.ca\/International\/wp-json\/wp\/v2\/posts\/131974\/revisions"}],"wp:attachment":[{"href":"https:\/\/linitiative.ca\/International\/wp-json\/wp\/v2\/media?parent=131974"}],"wp:term":[{"taxonomy":"category","embeddable":true,"href":"https:\/\/linitiative.ca\/International\/wp-json\/wp\/v2\/categories?post=131974"},{"taxonomy":"post_tag","embeddable":true,"href":"https:\/\/linitiative.ca\/International\/wp-json\/wp\/v2\/tags?post=131974"}],"curies":[{"name":"wp","href":"https:\/\/api.w.org\/{rel}","templated":true}]}}