{"id":131976,"date":"2021-11-04T17:05:14","date_gmt":"2021-11-04T21:05:14","guid":{"rendered":"https:\/\/linitiative.ca\/International\/sortie-du-parena-sur-la-gestion-de-la-transition-au-mali-de-leau-sur-les-plumes-dun-canard\/"},"modified":"2021-11-04T17:05:14","modified_gmt":"2021-11-04T21:05:14","slug":"sortie-du-parena-sur-la-gestion-de-la-transition-au-mali-de-leau-sur-les-plumes-dun-canard","status":"publish","type":"post","link":"https:\/\/linitiative.ca\/International\/sortie-du-parena-sur-la-gestion-de-la-transition-au-mali-de-leau-sur-les-plumes-dun-canard\/","title":{"rendered":"SORTIE DU PARENA SUR LA GESTION DE LA TRANSITION AU MALI : De l\u2019eau sur les plumes d\u2019un canard ?"},"content":{"rendered":"<div>\n<p><img decoding=\"async\" width=\"634\" height=\"368\" src=\"https:\/\/linitiative.ca\/International\/wp-content\/uploads\/sites\/23\/2021\/11\/Tiebile-Drame-000.jpg\" class=\"attachment- size- wp-post-image\" alt=\"\" loading=\"lazy\" style=\"float:left; margin:0 15px 15px 0;\" srcset=\"https:\/\/linitiative.ca\/International\/wp-content\/uploads\/sites\/23\/2021\/11\/Tiebile-Drame-000.jpg 634w, https:\/\/lepays.bf\/wp-content\/uploads\/2021\/11\/Tiebile-Drame-000-300x174.jpg 300w\" sizes=\"auto, (max-width: 634px) 100vw, 634px\">Dans un m\u00e9morandum publi\u00e9 le 4 novembre 2021, le Parena, le parti de Ti\u00e9bil\u00e9 Dram\u00e9, une des figures de proue de l\u2019opposition malienne, fustige la gestion des autorit\u00e9s de la transition. La premi\u00e8re salve lanc\u00e9e est \u00ab\u00a0l\u2019incapacit\u00e9\u00a0\u00bb du gouvernement de la transition, \u00e0 \u00aborganiser des \u00e9lections marquant la fin de la Transition\u00a0\u00bb et de \u00ab\u00a0produire \u2026<\/p>\n<p>L\u2019article <a rel=\"nofollow\" href=\"https:\/\/lepays.bf\/sortie-du-parena-sur-la-gestion-de-la-transition-au-mali-de-leau-sur-les-plumes-dun-canard\/\">SORTIE DU PARENA SUR LA GESTION DE LA TRANSITION AU MALI : De l\u2019eau sur les plumes d\u2019un canard ?<\/a> est apparu en premier sur <a rel=\"nofollow\" href=\"https:\/\/lepays.bf\/\">Editions Le Pays<\/a>.<\/p>\n<\/div>\n<p>Auteur: Editions LEPAYS<br \/>\n<a href=\"https:\/\/lepays.bf\/sortie-du-parena-sur-la-gestion-de-la-transition-au-mali-de-leau-sur-les-plumes-dun-canard\/\">Cliquez ici pour lire l&rsquo;article depuis sa source.<\/a><\/p>\n","protected":false},"excerpt":{"rendered":"<p>Dans un m\u00e9morandum publi\u00e9 le 4 novembre 2021, le Parena, le parti de Ti\u00e9bil\u00e9 Dram\u00e9, une des figures de proue de l\u2019opposition malienne, fustige la gestion des autorit\u00e9s de la transition. La premi\u00e8re salve lanc\u00e9e est \u00ab\u00a0l\u2019incapacit\u00e9\u00a0\u00bb du gouvernement de la transition, \u00e0 \u00aborganiser des \u00e9lections marquant la fin de la Transition\u00a0\u00bb et de \u00ab\u00a0produire [&hellip;]<\/p>\n","protected":false},"author":1813,"featured_media":0,"comment_status":"closed","ping_status":"closed","sticky":false,"template":"","format":"standard","meta":{"fifu_image_url":"https:\/\/lepays.bf\/wp-content\/uploads\/2021\/11\/Tiebile-Drame-000.jpg","fifu_image_alt":"SORTIE DU PARENA SUR LA GESTION DE LA TRANSITION AU MALI : De l\u2019eau sur les plumes d\u2019un canard ?","footnotes":""},"categories":[73,81],"tags":[],"class_list":["post-131976","post","type-post","status-publish","format-standard","hentry","category-actualite","category-burkina-faso"],"_links":{"self":[{"href":"https:\/\/linitiative.ca\/International\/wp-json\/wp\/v2\/posts\/131976","targetHints":{"allow":["GET"]}}],"collection":[{"href":"https:\/\/linitiative.ca\/International\/wp-json\/wp\/v2\/posts"}],"about":[{"href":"https:\/\/linitiative.ca\/International\/wp-json\/wp\/v2\/types\/post"}],"author":[{"embeddable":true,"href":"https:\/\/linitiative.ca\/International\/wp-json\/wp\/v2\/users\/1813"}],"replies":[{"embeddable":true,"href":"https:\/\/linitiative.ca\/International\/wp-json\/wp\/v2\/comments?post=131976"}],"version-history":[{"count":0,"href":"https:\/\/linitiative.ca\/International\/wp-json\/wp\/v2\/posts\/131976\/revisions"}],"wp:attachment":[{"href":"https:\/\/linitiative.ca\/International\/wp-json\/wp\/v2\/media?parent=131976"}],"wp:term":[{"taxonomy":"category","embeddable":true,"href":"https:\/\/linitiative.ca\/International\/wp-json\/wp\/v2\/categories?post=131976"},{"taxonomy":"post_tag","embeddable":true,"href":"https:\/\/linitiative.ca\/International\/wp-json\/wp\/v2\/tags?post=131976"}],"curies":[{"name":"wp","href":"https:\/\/api.w.org\/{rel}","templated":true}]}}