{"id":131978,"date":"2021-11-04T17:26:10","date_gmt":"2021-11-04T21:26:10","guid":{"rendered":"https:\/\/linitiative.ca\/International\/la-limitation-des-mandats-presidentiels-une-oeuvre-de-salubrite-patriotique\/"},"modified":"2021-11-04T17:26:10","modified_gmt":"2021-11-04T21:26:10","slug":"la-limitation-des-mandats-presidentiels-une-oeuvre-de-salubrite-patriotique","status":"publish","type":"post","link":"https:\/\/linitiative.ca\/International\/la-limitation-des-mandats-presidentiels-une-oeuvre-de-salubrite-patriotique\/","title":{"rendered":"La limitation des mandats pr\u00e9sidentiels : une \u0153uvre de salubrit\u00e9 patriotique"},"content":{"rendered":"<div>\n<p>Il y a un peu plus d\u2019un mois, le 21 septembre plus pr\u00e9cis\u00e9ment, le pr\u00e9sident d\u2019alors du Mouvement du peuple pour le progr\u00e8s (MPP), Simon COMPAORE d\u00e9clarait \u00e0 la presse, \u00e0 propos d\u2019un troisi\u00e8me mandat du pr\u00e9sident Roch Marc Christian KABORE : \u00ab Celui qui prend le pouvoir et qui refuse de savoir qu\u2019il est r\u00e9glement\u00e9, il n\u2019y a rien \u00e0 faire, les avatars de l\u2019histoire le rattrapent et c\u2019est ce qui a \u00e9t\u00e9 le cas de certains. Nous, nous avons lutt\u00e9 contre le pouvoir \u00e0 vie, donc ce n\u2019est pas chez nous\u2026 Quand je vois des gens nous poser la question : \u00ab Est-ce que Roch ne va pas tenter un troisi\u00e8me mandat ?\u00bb, \u00e7a nous fait sourire ! A moins qu\u2019il veuille se suicider !<\/p>\n<p>Or je sais qu\u2019il veut encore vivre ! \u00bb Et d\u2019ajouter : \u00ab Nous, on a beaucoup appris ! \u00bb Comme en r\u00e9ponse \u00e0 Simon COMPAORE, qui a entretemps pass\u00e9 le flambeau au pr\u00e9sident Bala SAKANDE \u00e0 la t\u00eate du parti majoritaire, le pr\u00e9sident Roch Marc Christian KABORE, apr\u00e8s avoir d\u00e9pos\u00e9 une gerbe de fleurs au Monument des martyrs pour honorer la m\u00e9moire des victimes de l\u2019insurrection populaire des 30 et 31 octobre 2014 et du coup d\u2019Etat du 16 septembres 2015, a d\u00e9clar\u00e9 \u00e0 ce propos : \u00ab C\u2019\u00e9tait un combat pour lutter contre la gestion \u00e0 vie du pouvoir d\u2019Etat. Ces personnes ont perdu leur vie pour que la d\u00e9mocratie soit recentr\u00e9e au Burkina Faso. Pour que d\u00e9sormais, chacun qui arrive sache qu\u2019il n\u2019aura que deux mandats \u00e0 faire et que, apr\u00e8s, c\u2019est d\u2019autres personnes qui g\u00e8reront le pays. Il n\u2019y a personne d\u2019indispensable au Burkina Faso. Et il faut que cela soit bien retenu par tous. \u00bb En tant que membre du Cadre de concertation Majorit\u00e9\/Opposition d\u2019alors, nous avions d\u00e9j\u00e0 entendu le pr\u00e9sident KABORE dire au cours d\u2019une de nos premi\u00e8res r\u00e9unions qu\u2019il \u00ab n\u2019y a pas ce fou-l\u00e0 pour r\u00eaver d\u2019un troisi\u00e8me mandat au Faso \u00bb !<\/p>\n<p>Nous l\u2019avions r\u00e9p\u00e9t\u00e9 \u00e0 ceux qui nous approchaient, mais la m\u00e9fiance \u00e9tait toujours l\u00e0 et le soup\u00e7on vivace. Parce que tout le monde voit toujours courir \u00e0 travers nos Etats, la sous-r\u00e9gion et le continent, des fous du pouvoir aveugl\u00e9s par des ambitions personnelles inconsid\u00e9r\u00e9es ou mus par des forces exog\u00e8nes dont les int\u00e9r\u00eats se moquent \u00e9perdument de la paix dans nos pays. \u00ab L\u2019\u00e9pid\u00e9mie du troisi\u00e8me mandat \u00bb A y r\u00e9fl\u00e9chir, a priori, les disciples de Thomas, ceux qui ne croient qu\u2019apr\u00e8s avoir vu, n\u2019ont donc pas tort ! Apr\u00e8s cette \u00e9pid\u00e9mie de troisi\u00e8me, quatri\u00e8me, cinqui\u00e8me mandat d\u00e9guis\u00e9 en troisi\u00e8me mandat, apr\u00e8s tripatouillage des constitutions par des dirigeants sans honneur ni dignit\u00e9, du Nord au Sud, du Centre \u00e0 l\u2019Ouest de l\u2019Afrique, apr\u00e8s le \u00ab printemps arabe et malgr\u00e9 l\u2019hivernage africain \u00bb, les jongleries constitutionnelles ont toujours cours, pr\u00e8s de nous et autour de nous! \u2013 Soit on \u00e9carte l\u2019adversaire du pouvoir par la fixation d\u2019un \u00e2ge limite pour briguer le mandat pr\u00e9sidentiel ;<\/p>\n<p>\u2013 Soit on \u00ab r\u00e9vise \u00bb sa propre date de naissance, pour dire qu\u2019on est moins vieux ou plus\u2026jeune que ce qui est inscrit sur l\u2019acte de naissance officiel, sans risquer d\u2019\u00eatre poursuivi pour faux et usage de faux ;<\/p>\n<p>\u2013 Soit on met sur le dos de l\u2019adversaire, un d\u00e9lit ou une faute r\u00e9dhibitoire, invalidante, allant jusqu\u2019\u00e0 mettre \u00e0 contribution, des prostitu\u00e9es de luxe ou de la rue pour atteindre ses objectifs ;<\/p>\n<p>\u2013 Soit, on s\u00e8me \u00ab le bordel \u00bb dans le milieu politique pour justifier son \u00ab lenga \u00bb, la rallonge au pouvoir, par l\u2019instabilit\u00e9 ambiante, etc. \u2013 Soit on fait enfermer son adversaire pour un motif quelconque ;<\/p>\n<p>\u2013 Soit on l\u2019\u00e9limine physiquement et tout simplement. Les chiens aboieront, mais la caravane passera !<\/p>\n<p>\u2013 Soit, soit, soit\u2026 Les hommes de paille n\u2019ont pas encore la faveur des aspirants \u00e0 la pr\u00e9sidence \u00e0 vie. Peut-\u00eatre parce que dans le milieu, la confiance est la denr\u00e9e la moins bien partag\u00e9e !<\/p>\n<p>L\u2019homme de paille pouvant se r\u00e9v\u00e9ler tr\u00e8s vite un \u00ab homme de fer \u00bb qui verrouillerait la porte, une fois au pouvoir, \u00e0 celui qui lui aurait pass\u00e9 na\u00efvement le t\u00e9moin, en calculant un retour prochain, \u00e0 la Poutine-Medvedev ! Croire que l\u2019insurrection populaire des 30 et 31 octobre 2014 est seulement le rejet d\u2019un troisi\u00e8me mandat accord\u00e9 \u00e0 Blaise COMPAORE serait, \u00e0 notre sens, se tromper (au sens actif du terme) sur la dimension absolue, le degr\u00e9 de rejet de son syst\u00e8me et de sa personne. Le mal est plus profond, nous semble-t-il ! \u00ab Un mal plus profond \u00bb Beaucoup de gens ne mesurent pas \u00e0 quel point ce syst\u00e8me a engendr\u00e9 des monstres moraux, de \u00ab bonnes gens hier \u00bb qui ont \u00e9t\u00e9 ou ont accept\u00e9 d\u2019\u00eatre transform\u00e9s du jour au lendemain en \u00e9go\u00efstes, en menteurs, en faussaires, en m\u00e9chants, en tueurs, malmenant jusqu\u2019\u00e0 leurs propres parents et, cynisme supr\u00eame, accompagnant leurs cadavres avec des ricanements jusqu\u2019au cimeti\u00e8re, apr\u00e8s leur avoir donn\u00e9 soi-m\u00eame le coup de gr\u00e2ce ! C\u2019est pourquoi nous h\u00e9ritons de ces mentalit\u00e9s de parvenus, de gens qui font la course aveugle \u00e0 la richesse spontan\u00e9e, adeptes de contre-valeurs et de divinit\u00e9s malfaisantes, portant l\u2019avoir et le para\u00eetre et non-l\u2019\u00eatre, au sommet de l\u2019adoration. Sous nos cieux, les syst\u00e8mes d\u2019\u00e9valuation des performances des r\u00e9gimes variant \u00e0 la t\u00eate du client, des calculs bizarres peuvent cr\u00e9diter un pr\u00e9sident d\u2019un progr\u00e8s qui ne se voit pas dans le panier de la m\u00e9nag\u00e8re, lui accorder des succ\u00e8s qu\u2019on chercherait en vain, \u00e0 la loupe mais dont il pourrait vanter comme de troph\u00e9es-miracles n\u00e9cessaires \u00e0 son\u2026impopularit\u00e9 !<\/p>\n<p>L\u2019arri\u00e8re-vitrine du r\u00e9gime d\u00e9funt est tellement sale dans le domaine de la manipulation constitutionnelle qu\u2019il n\u2019est pas n\u00e9cessaire de s\u2019y attarder. Ce qui fut remarquable et qui fut son mod\u00e8le d\u00e9pos\u00e9, sa marque de fabrique, c\u2019est son aptitude \u00e0 la r\u00e9pression aveugle de tout doigt qui se levait pour exprimer une v\u00e9rit\u00e9 qui n\u2019\u00e9tait pas du go\u00fbt du pouvoir, tout ce qui \u00e9tait loin du larbinisme et de la d\u00e9magogie. Ce syst\u00e8me avait tellement d\u00e9natur\u00e9 certains Burkinab\u00e8 qu\u2019ils \u00e9taient devenus m\u00e9connaissables. D\u2019o\u00f9 leur extraordinaire m\u00e9tamorphose apr\u00e8s la chute de celui que d\u2019aucuns osent encore qualifier de mentor ! C\u2019\u00e9tait pour beaucoup qui avaient gard\u00e9 en eux encore un brin de dignit\u00e9, une sorte de lib\u00e9ration posthume, une renaissance en humanit\u00e9. Les injustices, les passe-droits multiples, les reniements ne sont pas le lot du seul r\u00e9gime d\u00e9funt, mais il a vraiment \u00ab scor\u00e9 \u00bb ! Ne pas le reconna\u00eetre, c\u2019est faire le lit d\u2019une r\u00e9conciliation de r\u00eaveurs pour venir apr\u00e8s s\u2019\u00e9tonner, les ann\u00e9es \u00e0 venir, que le monde n\u2019ait pas chang\u00e9, alors que les recettes ou le rem\u00e8de ne correspondaient pas au mal, sinon aux maux mal diagnostiqu\u00e9s ! D\u2019ailleurs, l\u2019actualit\u00e9 port\u00e9e par les r\u00e9seaux sociaux ces derniers jours nous interpelle particuli\u00e8rement sur le mauvais usage du concept \u00ab d\u2019outrage \u00e0 magistrat \u00bb : un procureur anonyme dans un car de voyageurs s\u2019en prend au chauffeur en pleine conduite, mettant ainsi en danger tous les passagers inquiets ! L\u2019un d\u2019eux, inquiet, tente en vain de le raisonner. A l\u2019arriv\u00e9e, le procureur le fait enfermer ! Et voil\u00e0 ! Le c\u00e9l\u00e8bre journaliste Albert Londres, du temps des colonies, disait, dans son livre de d\u00e9nonciation Terre d\u2019\u00e9b\u00e8ne : \u00ab D\u00e8s que le Noir repr\u00e9sente l\u2019autorit\u00e9, il est f\u00e9roce pour ses fr\u00e8res \u00bb ! Du pr\u00e9sident aux \u00ab petits \u00bb pr\u00e9sidents En affirmant aussi cat\u00e9goriquement qu\u2019il ne r\u00eave pas d\u2019un troisi\u00e8me mandat, mais que nul au Burkina ne doit plus en r\u00eaver, le pr\u00e9sident du Faso donne un coup de pied dans la fourmili\u00e8re et prive en m\u00eame temps une certaine frange de l\u2019opinion d\u2019un th\u00e8me facile et mobilisateur. Les acteurs de l\u2019insurrection populaire sont toujours l\u00e0. Ils n\u2019auraient pas accept\u00e9 cette perspective, m\u00eame si certains parmi eux, par conviction ou par opportunisme, sont \u00e0 la soupe et aimeraient bien \u00ab rebeloter \u00bb. Les victimes de l\u2019insurrection ou ceux qui se consid\u00e8rent comme tels ne demanderaient que cela pour crier \u00e0 la trahison sinon \u00e0 la vengeance ! Mais ce qui est le plus fondamental dans cette d\u00e9claration-confirmation, c\u2019est son exemplarit\u00e9 nationale, r\u00e9gionale et continentale : un pr\u00e9sident, bien avant m\u00eame d\u2019\u00eatre \u00e0 mi-chemin de son deuxi\u00e8me mandat, d\u00e9clare solennellement et vigoureusement, sans l\u2019ombre d\u2019un doute, qu\u2019il n\u2019en veut plus et que personne ne devrait plus y penser ! Nous le devinons ais\u00e9ment, au grand dam de ceux qui y pensent toujours, le matin, au r\u00e9veil, en se regardant au miroir, avant de se raser, et au coucher, avant de s\u2019\u00e9tendre et de s\u2019enfoncer dans un lit qui souffre de tout le poids d\u2019illusions d\u00e9sormais compromises ! Parce que, la meilleure mani\u00e8re de neutraliser un voleur \u00e0 la tire, de l\u2019obliger \u00e0 \u00eatre honn\u00eate, de lui donner une chance de l\u2019\u00eatre, c\u2019est de surveiller ses mains et de dire \u00e0 tout le monde de faire attention \u00e0 ses mains ! En parlant du Pr\u00e9sident tout court, n\u2019oublions pas les \u00ab petits pr\u00e9sidents \u00bb nocifs, parfois invisibles mais omnipr\u00e9sents et omnipuissants. Une fois \u00e9lu ou administrativement \u00ab plac\u00e9 \u00bb, ce genre de responsable s\u2019installe d\u2019abord de tout son poids d\u2019incomp\u00e9tence et avec toutes ses tares dans une direction, un service.<\/p>\n<p>Puis il se met imm\u00e9diatement \u00e0 terroriser les autres. Il menace, insulte, met en quarantaine, m\u00e9prise et maltraite qui il veut \u00e0 longueur de journ\u00e9e. Gare \u00e0 toi si tu as l\u2019air de quelqu\u2019un qui peut le remplacer. S\u2019il doit aller en mission, c\u2019est-\u00e0-dire, \u00e0 la chasse aux frais de mission, il ne consent \u00e0 c\u00e9der l\u2019int\u00e9rim qu\u2019\u00e0 contrec\u0153ur. Et l\u00e0, il verrouille tout, ne laisse aucune correspondance \u00e0 son int\u00e9rimaire et est heureux de retrouver \u00e0 son retour, tout le service dans l\u2019attente du directeur-sauveur-indispensable, le timonier-grand leader administratif, pour faire bouger les choses ! Ce sont les Cic\u00e9ron de nos r\u00e9gimes qui \u00e9pouseraient volontiers le v\u0153u du c\u00e9l\u00e8bre consul romain : \u00ab Qu\u2019ils me ha\u00efssent, pourvu qu\u2019ils me craignent ! \u00bb Quand ce genre de directeur ou chef de service \u00ab doit \u00bb partir \u2013 d\u00e9finitivement -, il fait place nette, emporte toute la documentation, cr\u00e9e le d\u00e9sert administratif dans la maison et contraint objectivement son successeur \u00e0 tout recommencer, avec ses v\u0153ux d\u2019un \u00e9chec plus que souhait\u00e9 \u00e0 son rempla\u00e7ant ! Si nous voulons donc que tout aille au mieux, autant nous pensons aux pr\u00e9sidents gourmands de pouvoir \u00e0 vie, ou r\u00eavant de d\u00e9volution dynastique, autant il faut aussi penser aux petits pr\u00e9sidents nocifs ! Parce que l\u2019\u00e9rection de citadelles administratives, les guerres de tranch\u00e9es politiciennes, les comportements autocratiques ne sont pas des comportements patriotiques.<\/p>\n<p>Ils ne participent pas \u00e0 la culture de la concertation, de la participation, de la responsabilisation, de la transparence, de la mobilisation des ressources humaines, de toutes les ressources. En dernier ressort, cela n\u2019assure ni la paix sociale, ni la paix tout court. Cela cultive les frustrations et les ranc\u0153urs dans les relations interindividuelles et collectives, bloque les espoirs, donne naissance au doute qui engendre \u00e0 son tour, au mieux, des r\u00e9voltes et au plus, des insurrections ou tout simplement des r\u00e9volutions, arm\u00e9es ou non. Dieu nous en garde !<\/p>\n<p>A bient\u00f4t !<\/p>\n<p style=\"text-align: right\"><strong>Dr Jean-Hubert Bazi\u00e9 <\/strong><\/p>\n<p>L\u2019article <a rel=\"nofollow\" href=\"https:\/\/www.sidwaya.info\/blog\/2021\/11\/04\/la-limitation-des-mandats-presidentiels-une-oeuvre-de-salubrite-patriotique\/\">La limitation des mandats pr\u00e9sidentiels : une \u0153uvre de salubrit\u00e9 patriotique<\/a> est apparu en premier sur <a rel=\"nofollow\" href=\"https:\/\/www.sidwaya.info\/\">Quotidien Sidwaya<\/a>.<\/p>\n<\/div>\n<p>Auteur: JK. Sidwaya<br \/>\n<a href=\"https:\/\/www.sidwaya.info\/blog\/2021\/11\/04\/la-limitation-des-mandats-presidentiels-une-oeuvre-de-salubrite-patriotique\/\">Cliquez ici pour lire l&rsquo;article depuis sa source.<\/a><\/p>\n","protected":false},"excerpt":{"rendered":"<p>Il y a un peu plus d\u2019un mois, le 21 septembre plus pr\u00e9cis\u00e9ment, le pr\u00e9sident d\u2019alors du Mouvement du peuple pour le progr\u00e8s (MPP), Simon COMPAORE d\u00e9clarait \u00e0 la presse, \u00e0 propos d\u2019un troisi\u00e8me mandat du pr\u00e9sident Roch Marc Christian KABORE : \u00ab Celui qui prend le pouvoir et qui refuse de savoir qu\u2019il est [&hellip;]<\/p>\n","protected":false},"author":1816,"featured_media":0,"comment_status":"closed","ping_status":"closed","sticky":false,"template":"","format":"standard","meta":{"fifu_image_url":"","fifu_image_alt":"","footnotes":""},"categories":[73,81],"tags":[],"class_list":["post-131978","post","type-post","status-publish","format-standard","hentry","category-actualite","category-burkina-faso"],"_links":{"self":[{"href":"https:\/\/linitiative.ca\/International\/wp-json\/wp\/v2\/posts\/131978","targetHints":{"allow":["GET"]}}],"collection":[{"href":"https:\/\/linitiative.ca\/International\/wp-json\/wp\/v2\/posts"}],"about":[{"href":"https:\/\/linitiative.ca\/International\/wp-json\/wp\/v2\/types\/post"}],"author":[{"embeddable":true,"href":"https:\/\/linitiative.ca\/International\/wp-json\/wp\/v2\/users\/1816"}],"replies":[{"embeddable":true,"href":"https:\/\/linitiative.ca\/International\/wp-json\/wp\/v2\/comments?post=131978"}],"version-history":[{"count":0,"href":"https:\/\/linitiative.ca\/International\/wp-json\/wp\/v2\/posts\/131978\/revisions"}],"wp:attachment":[{"href":"https:\/\/linitiative.ca\/International\/wp-json\/wp\/v2\/media?parent=131978"}],"wp:term":[{"taxonomy":"category","embeddable":true,"href":"https:\/\/linitiative.ca\/International\/wp-json\/wp\/v2\/categories?post=131978"},{"taxonomy":"post_tag","embeddable":true,"href":"https:\/\/linitiative.ca\/International\/wp-json\/wp\/v2\/tags?post=131978"}],"curies":[{"name":"wp","href":"https:\/\/api.w.org\/{rel}","templated":true}]}}