{"id":131980,"date":"2021-11-04T17:32:36","date_gmt":"2021-11-04T21:32:36","guid":{"rendered":"https:\/\/linitiative.ca\/International\/uaco-2021-le-journalisme-face-aux-defis-securitaire-et-sanitaire\/"},"modified":"2021-11-04T17:32:36","modified_gmt":"2021-11-04T21:32:36","slug":"uaco-2021-le-journalisme-face-aux-defis-securitaire-et-sanitaire","status":"publish","type":"post","link":"https:\/\/linitiative.ca\/International\/uaco-2021-le-journalisme-face-aux-defis-securitaire-et-sanitaire\/","title":{"rendered":"UACO 2021  : le journalisme face aux d\u00e9fis s\u00e9curitaire et sanitaire"},"content":{"rendered":"<div>\n<p><strong>Le comit\u00e9 national d\u2019organisation des Universit\u00e9s africaines de la communication de Ouagadougou (UACO) a organis\u00e9, un point de presse, le jeudi 4 novembre 2021 \u00e0 Ouagadougou pour d\u00e9voiler les principales articulations de l\u2019\u00e9v\u00e9nement. <\/strong><\/p>\n<p>Les Universit\u00e9s africaines de la communication de Ouagadougou (UACO) se tiendront du 25 au 27 novembre 2021 \u00e0 Ouagadougou. Pour faire le point des pr\u00e9paratifs, le comit\u00e9 national a tenu, une conf\u00e9rence de presse, le jeudi 4 novembre 2021 \u00e0 Ouagadougou. Pour le pr\u00e9sident du comit\u00e9 national d\u2019organisation des UACO, Pascal Thiombiano, l\u2019objectif est de partager avec les acteurs du monde des m\u00e9dias et de la communication certaines informations afin que tous soient au m\u00eame niveau.<\/p>\n<p>Il a ajout\u00e9 que pour la pr\u00e9sente \u00e9dition, les participants vont \u00e9changer sur diff\u00e9rentes facettes du secteur \u00e0 la lumi\u00e8re du th\u00e8me qui est : \u00ab Les responsabilit\u00e9s des acteurs de l\u2019information et de la communication en contexte de d\u00e9fis s\u00e9curitaire et sanitaire en Afrique \u00bb. En outre, de l\u2019avis de M. Thiombiano, pour cerner les diff\u00e9rents contours de la probl\u00e9matique, les UACO se proposent d\u2019engager la r\u00e9flexion autour de trois grands axes. Il s\u2019agit de \u00ab la communication publique et les d\u00e9fis sanitaire et s\u00e9curitaire \u00bb, \u00ab l\u2019information journalistique en p\u00e9riode de crises sanitaire et s\u00e9curitaire \u00bb et \u00ab production et diffusion de l\u2019information sur les r\u00e9seaux sociaux en contexte de crises sanitaire et s\u00e9curitaire \u00bb. En plus, il a confi\u00e9 qu\u2019il est pr\u00e9vu au moins deux ateliers au cours de ces UACO. Cela pour permettre aux acteurs de discuter avec les r\u00e9gulateurs du domaine de la communication sur la question de savoir comment informer, comment gouverner dans ce contexte ? \u00c9galement, il est pr\u00e9vu un colloque acad\u00e9mique, une exposition de mat\u00e9riels et d\u2019\u00e9quipements de communication et des TIC en rapport avec l\u2019\u00e9volution technologique. Toujours dans le m\u00eame sens, Pascal Thiombiano a indiqu\u00e9 que les UACO vont aussi servir d\u2019espace de promotion pour les acteurs issus de divers secteurs qui le souhaitent, et bien d\u2019autres acteurs intervenant dans la transformation agro-alimentaire locale. Par ailleurs, a-t-il soulign\u00e9, il est pr\u00e9vu un forum des grandes \u00e9coles de formation en journalisme et communication de la sous-r\u00e9gion, une rencontre conjointe entre les responsables des t\u00e9l\u00e9visions de l\u2019espace UEMOA et les op\u00e9rateurs de mise en \u0153uvre de la T\u00e9l\u00e9vision num\u00e9rique de terre (TNT). Aussi, a-t-il d\u00e9clar\u00e9, le B\u00e9nin est le pays invit\u00e9 d\u2019honneur \u00e0 cette pr\u00e9sente \u00e9dition des UACO.<\/p>\n<p style=\"text-align: right\"><strong>Evariste YODA <\/strong><\/p>\n<p>L\u2019article <a rel=\"nofollow\" href=\"https:\/\/www.sidwaya.info\/blog\/2021\/11\/04\/uaco-2021-le-journalisme-face-aux-defis-securitaire-et-sanitaire\/\">UACO 2021  : le journalisme face aux d\u00e9fis s\u00e9curitaire et sanitaire<\/a> est apparu en premier sur <a rel=\"nofollow\" href=\"https:\/\/www.sidwaya.info\/\">Quotidien Sidwaya<\/a>.<\/p>\n<\/div>\n<p>Auteur: JK. Sidwaya<br \/>\n<a href=\"https:\/\/www.sidwaya.info\/blog\/2021\/11\/04\/uaco-2021-le-journalisme-face-aux-defis-securitaire-et-sanitaire\/\">Cliquez ici pour lire l&rsquo;article depuis sa source.<\/a><\/p>\n","protected":false},"excerpt":{"rendered":"<p>Le comit\u00e9 national d\u2019organisation des Universit\u00e9s africaines de la communication de Ouagadougou (UACO) a organis\u00e9, un point de presse, le jeudi 4 novembre 2021 \u00e0 Ouagadougou pour d\u00e9voiler les principales articulations de l\u2019\u00e9v\u00e9nement. Les Universit\u00e9s africaines de la communication de Ouagadougou (UACO) se tiendront du 25 au 27 novembre 2021 \u00e0 Ouagadougou. Pour faire le [&hellip;]<\/p>\n","protected":false},"author":1816,"featured_media":0,"comment_status":"closed","ping_status":"closed","sticky":false,"template":"","format":"standard","meta":{"fifu_image_url":"","fifu_image_alt":"","footnotes":""},"categories":[73,81],"tags":[],"class_list":["post-131980","post","type-post","status-publish","format-standard","hentry","category-actualite","category-burkina-faso"],"_links":{"self":[{"href":"https:\/\/linitiative.ca\/International\/wp-json\/wp\/v2\/posts\/131980","targetHints":{"allow":["GET"]}}],"collection":[{"href":"https:\/\/linitiative.ca\/International\/wp-json\/wp\/v2\/posts"}],"about":[{"href":"https:\/\/linitiative.ca\/International\/wp-json\/wp\/v2\/types\/post"}],"author":[{"embeddable":true,"href":"https:\/\/linitiative.ca\/International\/wp-json\/wp\/v2\/users\/1816"}],"replies":[{"embeddable":true,"href":"https:\/\/linitiative.ca\/International\/wp-json\/wp\/v2\/comments?post=131980"}],"version-history":[{"count":0,"href":"https:\/\/linitiative.ca\/International\/wp-json\/wp\/v2\/posts\/131980\/revisions"}],"wp:attachment":[{"href":"https:\/\/linitiative.ca\/International\/wp-json\/wp\/v2\/media?parent=131980"}],"wp:term":[{"taxonomy":"category","embeddable":true,"href":"https:\/\/linitiative.ca\/International\/wp-json\/wp\/v2\/categories?post=131980"},{"taxonomy":"post_tag","embeddable":true,"href":"https:\/\/linitiative.ca\/International\/wp-json\/wp\/v2\/tags?post=131980"}],"curies":[{"name":"wp","href":"https:\/\/api.w.org\/{rel}","templated":true}]}}