{"id":131998,"date":"2021-11-05T10:00:37","date_gmt":"2021-11-05T14:00:37","guid":{"rendered":"https:\/\/linitiative.ca\/International\/le-programme-riyada-celebre-sa-premiere-promotion\/"},"modified":"2021-11-05T10:00:37","modified_gmt":"2021-11-05T14:00:37","slug":"le-programme-riyada-celebre-sa-premiere-promotion","status":"publish","type":"post","link":"https:\/\/linitiative.ca\/International\/le-programme-riyada-celebre-sa-premiere-promotion\/","title":{"rendered":"Le programme Riyada c\u00e9l\u00e8bre sa premi\u00e8re promotion"},"content":{"rendered":"<div>\n<p><img loading=\"lazy\" decoding=\"async\" width=\"300\" height=\"153\" src=\"https:\/\/linitiative.ca\/International\/wp-content\/uploads\/sites\/23\/2021\/11\/Anapec-300x153-1.jpg\" class=\"attachment-medium size-medium wp-post-image\" alt=\"\" srcset=\"https:\/\/linitiative.ca\/International\/wp-content\/uploads\/sites\/23\/2021\/11\/Anapec-300x153-1.jpg 300w, https:\/\/aujourdhui.ma\/wp-content\/uploads\/2021\/11\/Anapec-274x140.jpg 274w, https:\/\/aujourdhui.ma\/wp-content\/uploads\/2021\/11\/Anapec.jpg 746w, https:\/\/aujourdhui.ma\/wp-content\/uploads\/2021\/11\/Anapec-165x84.jpg 165w, https:\/\/aujourdhui.ma\/wp-content\/uploads\/2021\/11\/Anapec-702x358.jpg 702w\" sizes=\"auto, (max-width: 300px) 100vw, 300px\"><\/p>\n<p><span style=\"color: #800000;\"><strong>Port\u00e9 par la Banque populaire de La\u00e2youne et ses partenaires<\/strong><\/span><span id=\"more-390675\"><\/span><\/p>\n<p>Cinq mois apr\u00e8s son lancement, le programme d\u2019int\u00e9gration socio-\u00e9conomique des jeunes \u00e0 travers l\u2019encouragement de l\u2019entrepreneuriat Riyada a c\u00e9l\u00e9br\u00e9 mardi sa premi\u00e8re promotion compos\u00e9e de 22 jeunes de la r\u00e9gion de La\u00e2youne-Sakia El Hamra. Dans les d\u00e9tails, le si\u00e8ge de la direction de la Banque populaire de La\u00e2youne a abrit\u00e9 mardi la c\u00e9r\u00e9monie de lancement de la premi\u00e8re tranche du programme Riyada, fruit d\u2019un partenariat entre la Banque populaire de La\u00e2youne, le Centre r\u00e9gional d\u2019investissement de La\u00e2youne-Sakia El Hamra, l\u2019Agence nationale de promotion de l\u2019emploi et des comp\u00e9tences (ANAPEC), la Fondation cr\u00e9ation d\u2019entreprises du groupe BCP (FCE), et qui s\u2019inscrit dans la continuit\u00e9 des Hautes directives royales visant \u00e0 accompagner les initiatives entrepreneuriales dans l\u2019ensemble des r\u00e9gions du Royaume.<\/p>\n<p>Les 22 b\u00e9n\u00e9ficiaires de ce programme ont suivi pendant des mois plusieurs sessions de formation \u00e0 l\u2019entrepreneuriat, et ont concouru devant un jury dans plusieurs cat\u00e9gories de projets innovants. Ciblant les porteurs de projets pouvant b\u00e9n\u00e9ficier d\u2019un financement dans le cadre du Programme int\u00e9gr\u00e9 d\u2019appui et de financement des entreprises (PIAFE), Riyada vise \u00e0 promouvoir l\u2019esprit entrepreneurial dans la r\u00e9gion, \u00e0 travers l\u2019accompagnement et la formation des porteurs de projets durant l\u2019ensemble des phases de leurs projets. Cela va du cadrage de l\u2019id\u00e9e de d\u00e9part jusqu\u2019\u00e0 l\u2019aide au montage du dossier de financement, en passant par des formations autour de l\u2019entrepreneuriat, l\u2019aide au montage du business plan et l\u2019assistance dans les d\u00e9marches de cr\u00e9ation d\u2019entreprises. L\u2019objectif fix\u00e9 est d\u2019accompagner 300 porteurs de projets \u00e0 l\u2019horizon 2021, de financer 70% des projets accompagn\u00e9s \u00e0 travers une d\u00e9clinaison pr\u00e9fectorale et provinciale et d\u2019organiser des \u00e9v\u00e8nements autour de l\u2019entrepreneuriat au niveau de la r\u00e9gion. Les parties signataires de la convention au mois de juin dernier s\u2019engagent \u00e0 unir leurs expertises, en parfaite synergie, au profit des porteurs d\u2019id\u00e9es afin de leur apporter un accompagnement personnalis\u00e9 et \u00e0 grande valeur ajout\u00e9e, en permettant notamment une meilleure inclusion financi\u00e8re des jeunes dans le cadre du financement Piafe.<\/p>\n<p>Il convient de rappeler que le Piafe a \u00e9t\u00e9 initi\u00e9 suite aux Hautes instructions de SM le Roi Mohammed VI pour accompagner les porteurs de projets, notamment dans le volet de l\u2019appui et de l\u2019accompagnement, \u00e0 travers une coordination d\u2019actions au niveau r\u00e9gional. Dans ce cadre, le comit\u00e9 de suivi du projet Riyada veille \u00e0 l\u2019application des actions de ce programme en concordance avec le Piafe, au profit des jeunes porteurs de projets et des TPME, qui constituent la grande majorit\u00e9 du tissu \u00e9conomique de la r\u00e9gion. Cette initiative vise \u00e0 booster la dynamique entrepreneuriale dans la r\u00e9gion, dans le cadre du programme int\u00e9gr\u00e9 d\u2019appui et de financement des entreprises.<\/p>\n<\/div>\n<p>Auteur: Mohamed Laabid<br \/>\n<a href=\"https:\/\/aujourdhui.ma\/actualite\/le-programme-riyada-celebre-sa-premiere-promotion\">Cliquez ici pour lire l&rsquo;article depuis sa source.<\/a><\/p>\n","protected":false},"excerpt":{"rendered":"<p>Port\u00e9 par la Banque populaire de La\u00e2youne et ses partenaires Cinq mois apr\u00e8s son lancement, le programme d\u2019int\u00e9gration socio-\u00e9conomique des jeunes \u00e0 travers l\u2019encouragement de l\u2019entrepreneuriat Riyada a c\u00e9l\u00e9br\u00e9 mardi sa premi\u00e8re promotion compos\u00e9e de 22 jeunes de la r\u00e9gion de La\u00e2youne-Sakia El Hamra. Dans les d\u00e9tails, le si\u00e8ge de la direction de la Banque [&hellip;]<\/p>\n","protected":false},"author":1759,"featured_media":0,"comment_status":"closed","ping_status":"closed","sticky":false,"template":"","format":"standard","meta":{"fifu_image_url":"https:\/\/aujourdhui.ma\/wp-content\/uploads\/2021\/11\/Anapec-300x153.jpg","fifu_image_alt":"Le programme Riyada c\u00e9l\u00e8bre sa premi\u00e8re promotion","footnotes":""},"categories":[73,54],"tags":[],"class_list":["post-131998","post","type-post","status-publish","format-standard","hentry","category-actualite","category-maroc"],"_links":{"self":[{"href":"https:\/\/linitiative.ca\/International\/wp-json\/wp\/v2\/posts\/131998","targetHints":{"allow":["GET"]}}],"collection":[{"href":"https:\/\/linitiative.ca\/International\/wp-json\/wp\/v2\/posts"}],"about":[{"href":"https:\/\/linitiative.ca\/International\/wp-json\/wp\/v2\/types\/post"}],"author":[{"embeddable":true,"href":"https:\/\/linitiative.ca\/International\/wp-json\/wp\/v2\/users\/1759"}],"replies":[{"embeddable":true,"href":"https:\/\/linitiative.ca\/International\/wp-json\/wp\/v2\/comments?post=131998"}],"version-history":[{"count":0,"href":"https:\/\/linitiative.ca\/International\/wp-json\/wp\/v2\/posts\/131998\/revisions"}],"wp:attachment":[{"href":"https:\/\/linitiative.ca\/International\/wp-json\/wp\/v2\/media?parent=131998"}],"wp:term":[{"taxonomy":"category","embeddable":true,"href":"https:\/\/linitiative.ca\/International\/wp-json\/wp\/v2\/categories?post=131998"},{"taxonomy":"post_tag","embeddable":true,"href":"https:\/\/linitiative.ca\/International\/wp-json\/wp\/v2\/tags?post=131998"}],"curies":[{"name":"wp","href":"https:\/\/api.w.org\/{rel}","templated":true}]}}