{"id":13200,"date":"2019-02-12T08:10:25","date_gmt":"2019-02-12T13:10:25","guid":{"rendered":"https:\/\/linitiative.ca\/International\/le-salon-de-letudiant-et-des-nouvelles-perspectives-khotwa-fera-escale-a-ouargla\/"},"modified":"2019-02-12T08:10:25","modified_gmt":"2019-02-12T13:10:25","slug":"le-salon-de-letudiant-et-des-nouvelles-perspectives-khotwa-fera-escale-a-ouargla","status":"publish","type":"post","link":"https:\/\/linitiative.ca\/International\/le-salon-de-letudiant-et-des-nouvelles-perspectives-khotwa-fera-escale-a-ouargla\/","title":{"rendered":"<div>Le Salon de l\u2019\u00e9tudiant et des nouvelles perspectives \u00ab\u00a0Khotwa\u00a0\u00bb fera escale \u00e0 Ouargla<\/div>"},"content":{"rendered":"<div>\n<div class=\"K2FeedImage\"><img decoding=\"async\" src=\"http:\/\/www.aps.dz\/media\/k2\/items\/cache\/56ebdaecb6f41975f838a1e8455cb681_S.jpg\" alt=\"Le Salon de l\u2019\u00e9tudiant et des nouvelles perspectives \" khotwa fera escale ouargla><\/div>\n<div class=\"K2FeedIntroText\">\n<p><strong>OUARGLA &#8211; La 7\u00e8me \u00e9dition du Salon de l\u2019\u00e9tudiant et des nouvelles perspectives \u00ab\u00a0Khotwa\u00a0\u00bb fera escale \u00e0 Ouargla le 21 f\u00e9vrier prochain, a-t-on appris mardi des organisateurs.<\/strong><\/p>\n<\/div>\n<div class=\"K2FeedFullText\">\n<p>Ce salon vise \u00e0 offrir aux jeunes alg\u00e9riens un espace d\u2019information et de d\u00e9couverte sur les choix d\u2019\u00e9tudes, les formations et les opportunit\u00e9s \u00e0 saisir pour b\u00e2tir un avenir prometteur, tout en les orientant efficacement avec un \u00e9clairage pertinent sur leurs plans de carri\u00e8re et leurs projets futurs, a-t-on soulign\u00e9 de m\u00eame source.<\/p>\n<p>Organis\u00e9e par \u00ab\u00a0Win advents Agency\u00a0\u00bb (une jeune Startup de conseil en strat\u00e9gie de communication et d&rsquo;\u00e9v\u00e9nementiel), en coordination avec plusieurs clubs universitaires, cette manifestation juv\u00e9nile s\u2019inscrit dans une dynamique positive dans le cadre des r\u00e9formes lanc\u00e9es par le minist\u00e8re de l\u2019Education nationale, le minist\u00e8re de l\u2019Enseignement sup\u00e9rieur et de la recherche et celui de la Formation professionnelle.<\/p>\n<hr>\n<h3>Lire aussi:\u00a0<a href=\"http:\/\/www.aps.dz\/regions\/84847-oran-plus-de-180-exposants-au-prochain-salon-de-l-etudiant-khotwa\" target=\"_blank\" rel=\"noopener noreferrer\">Oran : plus de 180 exposants au prochain salon de l\u2019\u00e9tudiant \u00ab\u00a0Khotwa\u00a0\u00bb<\/a><\/h3>\n<hr>\n<p>De nombreuses universit\u00e9s alg\u00e9riennes et \u00e9trang\u00e8res prendront part \u00e0 cet \u00e9v\u00e9nement, dont des \u00e9coles nationales pr\u00e9paratoires et sup\u00e9rieures et des instituts priv\u00e9s, en plus de quelques organismes de formation \u00e9trangers (Etats-Unis, Canada, Grande-Bretagne, Emirats arabes unis, Russie, France et Tunisie).<\/p>\n<p>Un riche programme d\u2019activit\u00e9s accompagnera l\u2019exposition avec des mini formations et coachings offerts \u00e0 titre gracieux au grand public, notamment les jeunes, un cycle de conf\u00e9rences et des ateliers sur diverses th\u00e9matiques anim\u00e9s par les associations et les clubs universitaires.<\/p>\n<p>La 7\u00e8me \u00e9dition du salon de l\u2019\u00e9tudiant et des nouvelles perspectives \u00a0\u00bbKhotwa\u00a0\u00bb, qui d\u00e9butera le 19 du mois courant au Z\u00e9nith Ahmed Bey (Constantine) arrivera \u00e0 l\u2019universit\u00e9 Kasdi Merbah d\u2019Ouargla le 21 f\u00e9vrier avant de s\u2019installer au Palais de la culture Moufdi Zakaria (Alger) les 23 et 24 f\u00e9vrier et de poursuivre ses activit\u00e9s les 26 et 27 f\u00e9vrier au Centre des conventions (Oran).<\/p>\n<\/div>\n<\/div>\n<p><a href=\"http:\/\/www.aps.dz\/regions\/85435-le-salon-de-l-etudiant-et-des-nouvelles-perspectives-khotwa-fera-escale-a-ouargla\">Cliquez ici pour lire l&rsquo;article depuis sa source.<\/a><br \/>\n<img decoding=\"async\" class=\"wpe_imgrss\" src=\"http:\/\/www.aps.dz\/media\/k2\/items\/cache\/56ebdaecb6f41975f838a1e8455cb681_S.jpg\"><br \/>\nhttp:\/\/www.aps.dz\/<br \/>\nhttp:\/\/www.aps.dz\/images\/logo-aps.png<\/p>\n","protected":false},"excerpt":{"rendered":"<p>OUARGLA &#8211; La 7\u00e8me \u00e9dition du Salon de l\u2019\u00e9tudiant et des nouvelles perspectives \u00ab\u00a0Khotwa\u00a0\u00bb fera escale \u00e0 Ouargla le 21 f\u00e9vrier prochain, a-t-on appris mardi des organisateurs. Ce salon vise \u00e0 offrir aux jeunes alg\u00e9riens un espace d\u2019information et de d\u00e9couverte sur les choix d\u2019\u00e9tudes, les formations et les opportunit\u00e9s \u00e0 saisir pour b\u00e2tir un [&hellip;]<\/p>\n","protected":false},"author":1790,"featured_media":13201,"comment_status":"closed","ping_status":"closed","sticky":false,"template":"","format":"standard","meta":{"fifu_image_url":"","fifu_image_alt":"","footnotes":""},"categories":[53,76],"tags":[],"class_list":["post-13200","post","type-post","status-publish","format-standard","has-post-thumbnail","hentry","category-algerie","category-regions"],"_links":{"self":[{"href":"https:\/\/linitiative.ca\/International\/wp-json\/wp\/v2\/posts\/13200","targetHints":{"allow":["GET"]}}],"collection":[{"href":"https:\/\/linitiative.ca\/International\/wp-json\/wp\/v2\/posts"}],"about":[{"href":"https:\/\/linitiative.ca\/International\/wp-json\/wp\/v2\/types\/post"}],"author":[{"embeddable":true,"href":"https:\/\/linitiative.ca\/International\/wp-json\/wp\/v2\/users\/1790"}],"replies":[{"embeddable":true,"href":"https:\/\/linitiative.ca\/International\/wp-json\/wp\/v2\/comments?post=13200"}],"version-history":[{"count":0,"href":"https:\/\/linitiative.ca\/International\/wp-json\/wp\/v2\/posts\/13200\/revisions"}],"wp:featuredmedia":[{"embeddable":true,"href":"https:\/\/linitiative.ca\/International\/wp-json\/"}],"wp:attachment":[{"href":"https:\/\/linitiative.ca\/International\/wp-json\/wp\/v2\/media?parent=13200"}],"wp:term":[{"taxonomy":"category","embeddable":true,"href":"https:\/\/linitiative.ca\/International\/wp-json\/wp\/v2\/categories?post=13200"},{"taxonomy":"post_tag","embeddable":true,"href":"https:\/\/linitiative.ca\/International\/wp-json\/wp\/v2\/tags?post=13200"}],"curies":[{"name":"wp","href":"https:\/\/api.w.org\/{rel}","templated":true}]}}