{"id":132022,"date":"2021-11-05T06:36:55","date_gmt":"2021-11-05T10:36:55","guid":{"rendered":"https:\/\/linitiative.ca\/International\/lencg-marrakech-rend-un-vibrant-hommage-aux-professionnels-de-sante\/"},"modified":"2021-11-05T06:36:55","modified_gmt":"2021-11-05T10:36:55","slug":"lencg-marrakech-rend-un-vibrant-hommage-aux-professionnels-de-sante","status":"publish","type":"post","link":"https:\/\/linitiative.ca\/International\/lencg-marrakech-rend-un-vibrant-hommage-aux-professionnels-de-sante\/","title":{"rendered":"L\u2019ENCG-Marrakech rend un vibrant hommage aux professionnels de sant\u00e9"},"content":{"rendered":"<div>\n<div style=\"margin-bottom:20px;\"><img loading=\"lazy\" decoding=\"async\" width=\"750\" height=\"430\" src=\"https:\/\/linitiative.ca\/International\/wp-content\/uploads\/sites\/23\/2021\/11\/ENCG.jpg\" class=\"attachment-post-thumbnail size-post-thumbnail wp-post-image\" alt=\"\" srcset=\"https:\/\/linitiative.ca\/International\/wp-content\/uploads\/sites\/23\/2021\/11\/ENCG.jpg 750w, http:\/\/www.mapmarrakech.ma\/map\/uploads\/2021\/10\/ENCG-300x172.jpg 300w\" sizes=\"auto, (max-width: 750px) 100vw, 750px\"><\/div>\n<p>Plac\u00e9e sous le slogan \u00ab\u00a020 mois de crise sanitaire : retour sur une mobilisation citoyenne et exemplaire\u00a0\u00bb, cette c\u00e9r\u00e9monie a \u00e9t\u00e9 l\u2019occasion de faire le point sur la p\u00e9riode critique de la crise sanitaire de la Covid-19, et de rendre hommage aux \u00ab\u00a0blouses blanches\u00a0\u00bb, toutes cat\u00e9gories confondues, aussi bien au niveau national que dans la r\u00e9gion Marrakech- Safi, pour leur mobilisation sans faille \u00e0 combattre la pand\u00e9mie.<\/p>\n<p>Cette c\u00e9r\u00e9monie a offert l\u2019opportunit\u00e9 de saluer collectivement les efforts inlassable d\u00e9ploy\u00e9s par le personnel de la Sant\u00e9 pour pr\u00e9server la s\u00e9curit\u00e9 sanitaire du Royaume en g\u00e9n\u00e9ral, et de la r\u00e9gion Marrakech-Safi en particulier.<\/p>\n<p>\u00ab\u00a0Cette rencontre a pour objectif de rendre hommage aux professionnels de sant\u00e9 dans la r\u00e9gion Marrakech-Safi et de leur exprimer notre gratitude pour les efforts inlassables consentis pour lutter contre la propagation de la pand\u00e9mie du nouveau coronavirus\u00a0\u00bb, a d\u00e9clar\u00e9 la directrice de l\u2019ENCG-Marrakech, Mme Fatima Arib \u00e0 M24, la cha\u00eene t\u00e9l\u00e9vis\u00e9e d\u2019information en continu de la MAP.<\/p>\n<p>Tout en affirmant que les professionnels de sant\u00e9 ont donn\u00e9 des le\u00e7ons \u00e9loquentes en mati\u00e8re de sacrifice et d\u2019abn\u00e9gation durant la pand\u00e9mie et ses \u00e9tapes difficiles, Mme Arib a relev\u00e9 que la mobilisation id\u00e9ale de ces cadres n\u00e9cessite amplement \u00ab\u00a0reconnaissance\u00a0\u00bb et \u00ab\u00a0gratitude\u00a0\u00bb.<\/p>\n<p>De son c\u00f4t\u00e9, la Directrice r\u00e9gionale de la Sant\u00e9 \u00e0 Marrakech-Safi, Mme Lamia Chakiri, a salu\u00e9 cette initiative prise par l\u2019ENCG- Marrakech visant \u00e0 reconna\u00eetre les efforts nobles consentis par les professionnels de sant\u00e9 dans la r\u00e9gion Marrakech-Safi, ajoutant qu\u2019il s\u2019agit, sans nul conteste, d\u2019une source de motivation suppl\u00e9mentaire pour poursuivre la mobilisation.<\/p>\n<p>\u00ab\u00a0Ces efforts formidables des professionnels de sant\u00e9 vont se poursuivre pour assurer la r\u00e9ussite de la campagne nationale de vaccination au niveau de la r\u00e9gion\u00a0\u00bb, a-t-elle rassur\u00e9, faisant remarquer que plus de 84% de la population cibl\u00e9e dans la r\u00e9gion, a re\u00e7u le vaccin anti-Covid.<\/p>\n<p>Mme Chakiri n\u2019a pas manqu\u00e9, dans ce sens, de saluer les efforts et la mobilisation exemplaire de l\u2019ensemble des partenaires, \u00e0 savoir : les autorit\u00e9s locales, les \u00e9lus, la soci\u00e9t\u00e9 civile et les m\u00e9dias, appelant les citoyens \u00e0 s\u2019impliquer davantage en vue de la r\u00e9ussite de cette campagne vaccinale d\u2019envergure, dans la perspective d\u2019atteindre l\u2019immunit\u00e9 collective.<\/p>\n<p>Cette initiative a \u00e9t\u00e9 hautement salu\u00e9e par les professionnels de sant\u00e9, qui, \u00e0 leur tour, ont exprim\u00e9 leur plein engagement \u00e0 doubler d\u2019efforts pour enrayer la propagation de la pand\u00e9mie et r\u00e9ussir la campagne de vaccination contre la Covid-19.<\/p>\n<p>The post <a rel=\"nofollow\" href=\"http:\/\/www.mapmarrakech.ma\/fr\/lencg-marrakech-rend-un-vibrant-hommage-aux-professionnels-de-sante\/\">L\u2019ENCG-Marrakech rend un vibrant hommage aux professionnels de sant\u00e9<\/a> appeared first on <a rel=\"nofollow\" href=\"http:\/\/www.mapmarrakech.ma\/fr\">MapMarrakech<\/a>.<\/p>\n<\/div>\n<p>Auteur: Meriem IGASS<br \/>\n<a href=\"http:\/\/www.mapmarrakech.ma\/fr\/lencg-marrakech-rend-un-vibrant-hommage-aux-professionnels-de-sante\/\">Cliquez ici pour lire l&rsquo;article depuis sa source.<\/a><\/p>\n","protected":false},"excerpt":{"rendered":"<p>Plac\u00e9e sous le slogan \u00ab\u00a020 mois de crise sanitaire : retour sur une mobilisation citoyenne et exemplaire\u00a0\u00bb, cette c\u00e9r\u00e9monie a \u00e9t\u00e9 l\u2019occasion de faire le point sur la p\u00e9riode critique de la crise sanitaire de la Covid-19, et de rendre hommage aux \u00ab\u00a0blouses blanches\u00a0\u00bb, toutes cat\u00e9gories confondues, aussi bien au niveau national que dans la [&hellip;]<\/p>\n","protected":false},"author":1788,"featured_media":0,"comment_status":"closed","ping_status":"closed","sticky":false,"template":"","format":"standard","meta":{"fifu_image_url":"http:\/\/www.mapmarrakech.ma\/map\/uploads\/2021\/10\/ENCG.jpg","fifu_image_alt":"L\u2019ENCG-Marrakech rend un vibrant hommage aux professionnels de sant\u00e9","footnotes":""},"categories":[54,76],"tags":[],"class_list":["post-132022","post","type-post","status-publish","format-standard","hentry","category-maroc","category-regions"],"_links":{"self":[{"href":"https:\/\/linitiative.ca\/International\/wp-json\/wp\/v2\/posts\/132022","targetHints":{"allow":["GET"]}}],"collection":[{"href":"https:\/\/linitiative.ca\/International\/wp-json\/wp\/v2\/posts"}],"about":[{"href":"https:\/\/linitiative.ca\/International\/wp-json\/wp\/v2\/types\/post"}],"author":[{"embeddable":true,"href":"https:\/\/linitiative.ca\/International\/wp-json\/wp\/v2\/users\/1788"}],"replies":[{"embeddable":true,"href":"https:\/\/linitiative.ca\/International\/wp-json\/wp\/v2\/comments?post=132022"}],"version-history":[{"count":0,"href":"https:\/\/linitiative.ca\/International\/wp-json\/wp\/v2\/posts\/132022\/revisions"}],"wp:attachment":[{"href":"https:\/\/linitiative.ca\/International\/wp-json\/wp\/v2\/media?parent=132022"}],"wp:term":[{"taxonomy":"category","embeddable":true,"href":"https:\/\/linitiative.ca\/International\/wp-json\/wp\/v2\/categories?post=132022"},{"taxonomy":"post_tag","embeddable":true,"href":"https:\/\/linitiative.ca\/International\/wp-json\/wp\/v2\/tags?post=132022"}],"curies":[{"name":"wp","href":"https:\/\/api.w.org\/{rel}","templated":true}]}}