{"id":132024,"date":"2021-11-05T06:48:05","date_gmt":"2021-11-05T10:48:05","guid":{"rendered":"https:\/\/linitiative.ca\/International\/ccis-berd-vers-lamelioration-de-la-competitivite-du-tissu-economique\/"},"modified":"2021-11-05T06:48:05","modified_gmt":"2021-11-05T10:48:05","slug":"ccis-berd-vers-lamelioration-de-la-competitivite-du-tissu-economique","status":"publish","type":"post","link":"https:\/\/linitiative.ca\/International\/ccis-berd-vers-lamelioration-de-la-competitivite-du-tissu-economique\/","title":{"rendered":"CCIS\/BERD: Vers l\u2019am\u00e9lioration de la comp\u00e9titivit\u00e9 du tissu \u00e9conomique"},"content":{"rendered":"<div>\n<div style=\"margin-bottom:20px;\"><img loading=\"lazy\" decoding=\"async\" width=\"750\" height=\"430\" src=\"https:\/\/linitiative.ca\/International\/wp-content\/uploads\/sites\/23\/2021\/11\/berd-copier.jpg\" class=\"attachment-post-thumbnail size-post-thumbnail wp-post-image\" alt=\"\" srcset=\"https:\/\/linitiative.ca\/International\/wp-content\/uploads\/sites\/23\/2021\/11\/berd-copier.jpg 750w, http:\/\/www.mapmarrakech.ma\/map\/uploads\/2021\/11\/berd-copier-300x172.jpg 300w\" sizes=\"auto, (max-width: 750px) 100vw, 750px\"><\/div>\n<p>Lors d\u2019une r\u00e9union de travail tenue entre le pr\u00e9sident de la CCIS-MS, M. Kamal Benkhaled, accompagn\u00e9 de M. Abdelmoula Ballouty, vice-pr\u00e9sident de la CCIS-MS, et le nouveau directeur de la BERD au Maroc, M. Antoine Sall\u00e9 de Chou, les deux parties ont exprim\u00e9 leur engagement \u00e0 collaborer ensemble pour l\u2019am\u00e9lioration de la comp\u00e9titivit\u00e9 du tissu \u00e9conomique r\u00e9gional, indique la CCIS-MS dans un communiqu\u00e9.<\/p>\n<p>Cette rencontre, ajout\u00e9 la m\u00eame source, a port\u00e9 \u00e9galement sur les perspectives de coop\u00e9ration entre la CCIS-MS et la BERD pour l\u2019accompagnement des Petites et Moyennes Entreprises (PME) de la r\u00e9gion Marrakech-Safi, dans le cadre d\u2019une logique d\u2019objectifs et de r\u00e9sultats.<\/p>\n<p>Aux termes de cette r\u00e9union, les deux parties ont convenu d\u2019organiser des rencontres avec les op\u00e9rateurs \u00e9conomiques de la r\u00e9gion pour pr\u00e9senter les programmes d\u2019appui de la BERD en mati\u00e8re de financement, d\u2019appui technique, de conseil, de formation, de consultance locale et d\u2019accompagnement des PME et des Toutes Petites Entreprises (TPE) afin de faire b\u00e9n\u00e9ficier les ressortissants de la CCIS-MS des programmes d\u2019aide de la BERD d\u00e9di\u00e9s aux entreprises marocaines.<\/p>\n<p>Le Maroc est membre fondateur de la BERD et est devenu pays d\u2019op\u00e9rations en 2012. A ce jour, la Banque a investi pr\u00e8s de 3 milliards de dollars dans le Royaume permettant le financement de 74 projets, rappelle-t-on.<\/p>\n<p>The post <a rel=\"nofollow\" href=\"http:\/\/www.mapmarrakech.ma\/fr\/ccis-berd-vers-lamelioration-de-la-competitivite-du-tissu-economique\/\">CCIS\/BERD: Vers l\u2019am\u00e9lioration de la comp\u00e9titivit\u00e9 du tissu \u00e9conomique<\/a> appeared first on <a rel=\"nofollow\" href=\"http:\/\/www.mapmarrakech.ma\/fr\">MapMarrakech<\/a>.<\/p>\n<\/div>\n<p>Auteur: Meriem IGASS<br \/>\n<a href=\"http:\/\/www.mapmarrakech.ma\/fr\/ccis-berd-vers-lamelioration-de-la-competitivite-du-tissu-economique\/\">Cliquez ici pour lire l&rsquo;article depuis sa source.<\/a><\/p>\n","protected":false},"excerpt":{"rendered":"<p>Lors d\u2019une r\u00e9union de travail tenue entre le pr\u00e9sident de la CCIS-MS, M. Kamal Benkhaled, accompagn\u00e9 de M. Abdelmoula Ballouty, vice-pr\u00e9sident de la CCIS-MS, et le nouveau directeur de la BERD au Maroc, M. Antoine Sall\u00e9 de Chou, les deux parties ont exprim\u00e9 leur engagement \u00e0 collaborer ensemble pour l\u2019am\u00e9lioration de la comp\u00e9titivit\u00e9 du tissu [&hellip;]<\/p>\n","protected":false},"author":1788,"featured_media":0,"comment_status":"closed","ping_status":"closed","sticky":false,"template":"","format":"standard","meta":{"fifu_image_url":"http:\/\/www.mapmarrakech.ma\/map\/uploads\/2021\/11\/berd-copier.jpg","fifu_image_alt":"CCIS\/BERD: Vers l\u2019am\u00e9lioration de la comp\u00e9titivit\u00e9 du tissu \u00e9conomique","footnotes":""},"categories":[54,76],"tags":[],"class_list":["post-132024","post","type-post","status-publish","format-standard","hentry","category-maroc","category-regions"],"_links":{"self":[{"href":"https:\/\/linitiative.ca\/International\/wp-json\/wp\/v2\/posts\/132024","targetHints":{"allow":["GET"]}}],"collection":[{"href":"https:\/\/linitiative.ca\/International\/wp-json\/wp\/v2\/posts"}],"about":[{"href":"https:\/\/linitiative.ca\/International\/wp-json\/wp\/v2\/types\/post"}],"author":[{"embeddable":true,"href":"https:\/\/linitiative.ca\/International\/wp-json\/wp\/v2\/users\/1788"}],"replies":[{"embeddable":true,"href":"https:\/\/linitiative.ca\/International\/wp-json\/wp\/v2\/comments?post=132024"}],"version-history":[{"count":0,"href":"https:\/\/linitiative.ca\/International\/wp-json\/wp\/v2\/posts\/132024\/revisions"}],"wp:attachment":[{"href":"https:\/\/linitiative.ca\/International\/wp-json\/wp\/v2\/media?parent=132024"}],"wp:term":[{"taxonomy":"category","embeddable":true,"href":"https:\/\/linitiative.ca\/International\/wp-json\/wp\/v2\/categories?post=132024"},{"taxonomy":"post_tag","embeddable":true,"href":"https:\/\/linitiative.ca\/International\/wp-json\/wp\/v2\/tags?post=132024"}],"curies":[{"name":"wp","href":"https:\/\/api.w.org\/{rel}","templated":true}]}}