{"id":132026,"date":"2021-11-05T07:52:59","date_gmt":"2021-11-05T11:52:59","guid":{"rendered":"https:\/\/linitiative.ca\/International\/marrakech-safi-le-conseil-regional-approuve-son-budget-2022\/"},"modified":"2021-11-05T07:52:59","modified_gmt":"2021-11-05T11:52:59","slug":"marrakech-safi-le-conseil-regional-approuve-son-budget-2022","status":"publish","type":"post","link":"https:\/\/linitiative.ca\/International\/marrakech-safi-le-conseil-regional-approuve-son-budget-2022\/","title":{"rendered":"Marrakech-Safi: Le Conseil r\u00e9gional approuve son budget 2022"},"content":{"rendered":"<div>\n<div style=\"margin-bottom:20px;\"><img loading=\"lazy\" decoding=\"async\" width=\"750\" height=\"430\" src=\"https:\/\/linitiative.ca\/International\/wp-content\/uploads\/sites\/23\/2021\/11\/conseil-copier.jpg\" class=\"attachment-post-thumbnail size-post-thumbnail wp-post-image\" alt=\"\" srcset=\"https:\/\/linitiative.ca\/International\/wp-content\/uploads\/sites\/23\/2021\/11\/conseil-copier.jpg 750w, http:\/\/www.mapmarrakech.ma\/map\/uploads\/2021\/11\/conseil-copier-300x172.jpg 300w\" sizes=\"auto, (max-width: 750px) 100vw, 750px\"><\/div>\n<p>Selon un expos\u00e9 pr\u00e9sent\u00e9 lors de cette r\u00e9union \u00e0 laquelle ont pris part le wali de la r\u00e9gion Marrakech-Safi, gouverneur de la pr\u00e9fecture de Marrakech, M. Karim Kassi-Lahlou, et le pr\u00e9sident du Conseil, M. Samir Goudar, il est pr\u00e9vu que les d\u00e9penses de fonctionnement devraient atteindre 847.500.000,00 DH, alors que celles d\u00e9di\u00e9es \u00e0 l\u2019\u00e9quipement devraient s\u2019\u00e9tablir \u00e0 751.813.569,17 DH.<\/p>\n<p>L\u2019ordre du jour de cette session comportait une s\u00e9rie de points, avec \u00e0 leur t\u00eate l\u2019examen et le vote du projet de budget 2022 du Conseil et du projet de budget r\u00e9serv\u00e9 \u00e0 la Maison de l\u2019\u00e9lu au titre du m\u00eame exercice, ainsi que la pr\u00e9sentation du projet d\u2019amendement de l\u2019organisation de l\u2019administration de la R\u00e9gion et la d\u00e9finition de ses attributions conform\u00e9ment aux dispositions de l\u2019article 97 de la loi organique sur les R\u00e9gions.<\/p>\n<p>Au menu figurait aussi la pr\u00e9sentation d\u2019un projet pr\u00e9voyant la cr\u00e9ation des m\u00e9canismes participatifs de dialogue et de concertation, conform\u00e9ment aux dispositions de l\u2019article 116 de la loi organique sur les R\u00e9gions, d\u2019un projet d\u2019avenant \u00e0 une convention de partenariat pour l\u2019organisation de l&rsquo;\u00a0\u00bbInternational Travel Golf Expo\u00a0\u00bb dans la r\u00e9gion et des rapports de la commission des finances et de celle du d\u00e9veloppement social, de la femme, de l\u2019enfance et de la jeunesse.<\/p>\n<p>S\u2019exprimant \u00e0 cette occasion, M. Kassi-Lahlou a soulign\u00e9 l\u2019importance des commissions dans la contribution efficace \u00e0 tous les projets structurants qui s\u2019inscrivent dans le cadre du programme de d\u00e9veloppement de la r\u00e9gion, ainsi que des investissements colossaux consentis par l\u2019Etat pour la r\u00e9alisation de ces projets.<\/p>\n<p>La wali a insist\u00e9 aussi sur la n\u00e9cessit\u00e9 d\u2019acc\u00e9l\u00e9rer la r\u00e9alisation de ces projets et de tirer profit de toutes les institutions concern\u00e9es, en tant que m\u00e9canisme n\u00e9cessaire de mise en \u0153uvre pour g\u00e9n\u00e9rer des opportunit\u00e9s d\u2019emploi, qui constituent un objectif essentiel de l\u2019action de l\u2019ensemble des intervenants et des parties concern\u00e9es.<\/p>\n<p>A l\u2019issue d\u2019un diagnostic pr\u00e9cis des besoins des collectivit\u00e9s territoriales relevant de la r\u00e9gion dans les domaines de la sant\u00e9, des routes et de l\u2019eau, 228 communes rurales devront b\u00e9n\u00e9ficier du programme de r\u00e9duction des disparit\u00e9s territoriales et sociales au titre de la p\u00e9riode 2022-2023, a relev\u00e9 M. Kassi-Lahlou, notant que l\u2019un des principaux d\u00e9fis \u00e0 relever par la R\u00e9gion Marrakech-Safi durant les quatre prochaines ann\u00e9es demeure celui d\u2019occuper la troisi\u00e8me place parmi les diff\u00e9rentes r\u00e9gions en termes d\u2019importance des projets programm\u00e9s.<\/p>\n<p>The post <a rel=\"nofollow\" href=\"http:\/\/www.mapmarrakech.ma\/fr\/marrakech-safi-le-conseil-regional-approuve-son-budget-2022\/\">Marrakech-Safi: Le Conseil r\u00e9gional approuve son budget 2022<\/a> appeared first on <a rel=\"nofollow\" href=\"http:\/\/www.mapmarrakech.ma\/fr\">MapMarrakech<\/a>.<\/p>\n<\/div>\n<p>Auteur: Meriem IGASS<br \/>\n<a href=\"http:\/\/www.mapmarrakech.ma\/fr\/marrakech-safi-le-conseil-regional-approuve-son-budget-2022\/\">Cliquez ici pour lire l&rsquo;article depuis sa source.<\/a><\/p>\n","protected":false},"excerpt":{"rendered":"<p>Selon un expos\u00e9 pr\u00e9sent\u00e9 lors de cette r\u00e9union \u00e0 laquelle ont pris part le wali de la r\u00e9gion Marrakech-Safi, gouverneur de la pr\u00e9fecture de Marrakech, M. Karim Kassi-Lahlou, et le pr\u00e9sident du Conseil, M. Samir Goudar, il est pr\u00e9vu que les d\u00e9penses de fonctionnement devraient atteindre 847.500.000,00 DH, alors que celles d\u00e9di\u00e9es \u00e0 l\u2019\u00e9quipement devraient [&hellip;]<\/p>\n","protected":false},"author":1788,"featured_media":0,"comment_status":"closed","ping_status":"closed","sticky":false,"template":"","format":"standard","meta":{"fifu_image_url":"http:\/\/www.mapmarrakech.ma\/map\/uploads\/2021\/11\/conseil-copier.jpg","fifu_image_alt":"Marrakech-Safi: Le Conseil r\u00e9gional approuve son budget 2022","footnotes":""},"categories":[54,76],"tags":[],"class_list":["post-132026","post","type-post","status-publish","format-standard","hentry","category-maroc","category-regions"],"_links":{"self":[{"href":"https:\/\/linitiative.ca\/International\/wp-json\/wp\/v2\/posts\/132026","targetHints":{"allow":["GET"]}}],"collection":[{"href":"https:\/\/linitiative.ca\/International\/wp-json\/wp\/v2\/posts"}],"about":[{"href":"https:\/\/linitiative.ca\/International\/wp-json\/wp\/v2\/types\/post"}],"author":[{"embeddable":true,"href":"https:\/\/linitiative.ca\/International\/wp-json\/wp\/v2\/users\/1788"}],"replies":[{"embeddable":true,"href":"https:\/\/linitiative.ca\/International\/wp-json\/wp\/v2\/comments?post=132026"}],"version-history":[{"count":0,"href":"https:\/\/linitiative.ca\/International\/wp-json\/wp\/v2\/posts\/132026\/revisions"}],"wp:attachment":[{"href":"https:\/\/linitiative.ca\/International\/wp-json\/wp\/v2\/media?parent=132026"}],"wp:term":[{"taxonomy":"category","embeddable":true,"href":"https:\/\/linitiative.ca\/International\/wp-json\/wp\/v2\/categories?post=132026"},{"taxonomy":"post_tag","embeddable":true,"href":"https:\/\/linitiative.ca\/International\/wp-json\/wp\/v2\/tags?post=132026"}],"curies":[{"name":"wp","href":"https:\/\/api.w.org\/{rel}","templated":true}]}}