{"id":132030,"date":"2021-11-05T09:27:46","date_gmt":"2021-11-05T13:27:46","guid":{"rendered":"https:\/\/linitiative.ca\/International\/cnmh-1er-festival-regional-du-handi-theatre\/"},"modified":"2021-11-05T09:27:46","modified_gmt":"2021-11-05T13:27:46","slug":"cnmh-1er-festival-regional-du-handi-theatre","status":"publish","type":"post","link":"https:\/\/linitiative.ca\/International\/cnmh-1er-festival-regional-du-handi-theatre\/","title":{"rendered":"CNMH: 1er Festival r\u00e9gional du handi-th\u00e9\u00e2tre"},"content":{"rendered":"<div>\n<div style=\"margin-bottom:20px;\"><img loading=\"lazy\" decoding=\"async\" width=\"750\" height=\"430\" src=\"https:\/\/linitiative.ca\/International\/wp-content\/uploads\/sites\/23\/2021\/11\/centre-handicapC3A9-copier.jpg\" class=\"attachment-post-thumbnail size-post-thumbnail wp-post-image\" alt=\"\" srcset=\"https:\/\/linitiative.ca\/International\/wp-content\/uploads\/sites\/23\/2021\/11\/centre-handicapC3A9-copier.jpg 750w, http:\/\/www.mapmarrakech.ma\/map\/uploads\/2021\/11\/centre-handicap\u00e9-copier-300x172.jpg 300w\" sizes=\"auto, (max-width: 750px) 100vw, 750px\"><\/div>\n<p>Plac\u00e9e sous le slogan \u00a0\u00bb\u00e9vasion et cr\u00e9ativit\u00e9\u00a0\u00bb, cette \u00e9dition a \u00e9t\u00e9 l\u2019occasion d\u2019assister \u00e0 une s\u00e9rie de pi\u00e8ces th\u00e9\u00e2trales ex\u00e9cut\u00e9es, avec brio, par des troupes repr\u00e9sentant huit associations et centres de prise en charge des personnes en situation de handicap de la r\u00e9gion Marrakech-Safi, avec la ville de Casablanca comme invit\u00e9e d\u2019honneur.<\/p>\n<p>Un jury compos\u00e9 d\u2019artistes marocains de renomm\u00e9e, en l\u2019occurrence M. Aziz Houbaibi, Mohamed Zeroual, Ibrahim Hanai et Mme Afafe Chaib, a proc\u00e9d\u00e9 \u00e0 l\u2019\u00e9valuation des diff\u00e9rentes productions qui ont transport\u00e9 l\u2019audience dans le monde joyeux des belles histoires et des couleurs.<\/p>\n<p>\u00ab\u00a0Cette manifestation culturelle r\u00e9cr\u00e9ative avait pour objectif de d\u00e9velopper les capacit\u00e9s artistiques et d\u2019expression des enfants et des jeunes en situation de handicap mental\u00a0\u00bb, a expliqu\u00e9 M. Brahim Hanai, Coordinateur artistique du Festival, dans une d\u00e9claration \u00e0 la M24, la chaine t\u00e9l\u00e9vis\u00e9e de l\u2019information en continu de la MAP.<\/p>\n<p>\u00ab\u00a0Le but \u00e9tant d\u2019engager ces enfants et ces jeunes dans une d\u00e9marche cr\u00e9ative, passant par un processus d\u2019exp\u00e9rimentation artistique, vers le but ultime de produire une \u0153uvre d\u2019art\u00a0\u00bb, a indiqu\u00e9 M. Hanai.<\/p>\n<p>De son c\u00f4t\u00e9, M. Mohamed Zeroual, t\u00e9nor du th\u00e9\u00e2tre national et membre du jury d\u2019\u00e9valuation des \u0153uvres artistique en lice lors de cet \u00e9v\u00e9nement, s\u2019est f\u00e9licit\u00e9 de la qualit\u00e9 des pi\u00e8ces th\u00e9\u00e2trales pr\u00e9sent\u00e9es par les diff\u00e9rentes troupes, mettant en exergue l\u2019importance de telles manifestations artistiques pour cultiver l\u2019amour des planches et permettre aux troupes th\u00e9\u00e2trales de se produire sur sc\u00e8ne.<\/p>\n<p>Dans ce sens, il a mis en avant la contribution des arts au d\u00e9veloppement de la connaissance de soi et des autres, faisant savoir que l\u2019expression artistique donne une image positive.<\/p>\n<p>En marge de ce festival, il a \u00e9t\u00e9 proc\u00e9d\u00e9 \u00e0 l\u2019organisation d\u2019une s\u00e9rie d\u2019ateliers de formation portant sur la fabrication des masques, les jeux par les masques et la direction de l\u2019acteur.<\/p>\n<p>Ces ateliers ont \u00e9t\u00e9 encadr\u00e9s par des universitaires, des artistes et des m\u00e9decins au profit des \u00e9ducateurs sp\u00e9cialis\u00e9s relevant des associations op\u00e9rant en la mati\u00e8re \u00e0 l\u2019\u00e9chelle de la r\u00e9gion.<\/p>\n<p>Au terme de ce festival, des troph\u00e9es et des attestations ont \u00e9t\u00e9 remis aux repr\u00e9sentants des associations et centres de prise en charge des personnes en situation de handicap de la r\u00e9gion Marrakech-Safi.<\/p>\n<p>The post <a rel=\"nofollow\" href=\"http:\/\/www.mapmarrakech.ma\/fr\/cnmh-1er-festival-regional-du-handi-theatre\/\">CNMH: 1er Festival r\u00e9gional du handi-th\u00e9\u00e2tre<\/a> appeared first on <a rel=\"nofollow\" href=\"http:\/\/www.mapmarrakech.ma\/fr\">MapMarrakech<\/a>.<\/p>\n<\/div>\n<p>Auteur: Meriem IGASS<br \/>\n<a href=\"http:\/\/www.mapmarrakech.ma\/fr\/cnmh-1er-festival-regional-du-handi-theatre\/\">Cliquez ici pour lire l&rsquo;article depuis sa source.<\/a><\/p>\n","protected":false},"excerpt":{"rendered":"<p>Plac\u00e9e sous le slogan \u00a0\u00bb\u00e9vasion et cr\u00e9ativit\u00e9\u00a0\u00bb, cette \u00e9dition a \u00e9t\u00e9 l\u2019occasion d\u2019assister \u00e0 une s\u00e9rie de pi\u00e8ces th\u00e9\u00e2trales ex\u00e9cut\u00e9es, avec brio, par des troupes repr\u00e9sentant huit associations et centres de prise en charge des personnes en situation de handicap de la r\u00e9gion Marrakech-Safi, avec la ville de Casablanca comme invit\u00e9e d\u2019honneur. Un jury compos\u00e9 [&hellip;]<\/p>\n","protected":false},"author":1788,"featured_media":0,"comment_status":"closed","ping_status":"closed","sticky":false,"template":"","format":"standard","meta":{"fifu_image_url":"http:\/\/www.mapmarrakech.ma\/map\/uploads\/2021\/11\/centre-handicap\u00e9-copier.jpg","fifu_image_alt":"CNMH: 1er Festival r\u00e9gional du handi-th\u00e9\u00e2tre","footnotes":""},"categories":[54,76],"tags":[],"class_list":["post-132030","post","type-post","status-publish","format-standard","hentry","category-maroc","category-regions"],"_links":{"self":[{"href":"https:\/\/linitiative.ca\/International\/wp-json\/wp\/v2\/posts\/132030","targetHints":{"allow":["GET"]}}],"collection":[{"href":"https:\/\/linitiative.ca\/International\/wp-json\/wp\/v2\/posts"}],"about":[{"href":"https:\/\/linitiative.ca\/International\/wp-json\/wp\/v2\/types\/post"}],"author":[{"embeddable":true,"href":"https:\/\/linitiative.ca\/International\/wp-json\/wp\/v2\/users\/1788"}],"replies":[{"embeddable":true,"href":"https:\/\/linitiative.ca\/International\/wp-json\/wp\/v2\/comments?post=132030"}],"version-history":[{"count":0,"href":"https:\/\/linitiative.ca\/International\/wp-json\/wp\/v2\/posts\/132030\/revisions"}],"wp:attachment":[{"href":"https:\/\/linitiative.ca\/International\/wp-json\/wp\/v2\/media?parent=132030"}],"wp:term":[{"taxonomy":"category","embeddable":true,"href":"https:\/\/linitiative.ca\/International\/wp-json\/wp\/v2\/categories?post=132030"},{"taxonomy":"post_tag","embeddable":true,"href":"https:\/\/linitiative.ca\/International\/wp-json\/wp\/v2\/tags?post=132030"}],"curies":[{"name":"wp","href":"https:\/\/api.w.org\/{rel}","templated":true}]}}