{"id":132032,"date":"2021-11-05T13:30:22","date_gmt":"2021-11-05T17:30:22","guid":{"rendered":"https:\/\/linitiative.ca\/International\/la-fmej-rend-hommage-a-mustapha-benhamza\/"},"modified":"2021-11-05T13:30:22","modified_gmt":"2021-11-05T17:30:22","slug":"la-fmej-rend-hommage-a-mustapha-benhamza","status":"publish","type":"post","link":"https:\/\/linitiative.ca\/International\/la-fmej-rend-hommage-a-mustapha-benhamza\/","title":{"rendered":"La FMEJ rend hommage \u00e0 Mustapha Benhamza"},"content":{"rendered":"<div>\n<div style=\"margin-bottom:20px;\"><img loading=\"lazy\" decoding=\"async\" width=\"750\" height=\"430\" src=\"https:\/\/linitiative.ca\/International\/wp-content\/uploads\/sites\/23\/2021\/11\/Le-penseur-Mustapha-Benhamza-750C397430-MAP.jpg\" class=\"attachment-post-thumbnail size-post-thumbnail wp-post-image\" alt=\"\" srcset=\"https:\/\/linitiative.ca\/International\/wp-content\/uploads\/sites\/23\/2021\/11\/Le-penseur-Mustapha-Benhamza-750C397430-MAP.jpg 750w, http:\/\/www.mapoujda.ma\/map\/uploads\/2021\/11\/Le-penseur-Mustapha-Benhamza-750\u00d7430-MAP-300x172.jpg 300w\" sizes=\"auto, (max-width: 750px) 100vw, 750px\"><\/div>\n<div>\n<p style=\"text-align: justify;\">La F\u00e9d\u00e9ration marocaine des \u00e9diteurs de journaux (FMEJ) a organis\u00e9, vendredi au Centre d\u2019\u00e9tudes et de recherches humaines et sociales d\u2019Oujda (CERHSO), une c\u00e9r\u00e9monie en hommage \u00e0 l\u2019\u00e9rudit Dr Mustapha Benhamza, pr\u00e9sident du Conseil local des oul\u00e9mas d\u2019Oujda.<\/p>\n<p style=\"text-align: justify;\">Cette c\u00e9r\u00e9monie, tenue en pr\u00e9sence notamment du Directeur g\u00e9n\u00e9ral de la MAP, Khalil Hachimi Idrissi, du directeur de l\u2019Institut sup\u00e9rieur de l\u2019information et de la communication (ISIC), Abdellatif Bensfia et de plusieurs autres personnalit\u00e9s m\u00e9diatiques et acad\u00e9miques, a mis la lumi\u00e8re sur les qualit\u00e9s humaines et les comp\u00e9tences scientifiques de M. Benhamza, qui a tant donn\u00e9 \u00e0 la recherche dans les domaines culturel et religieux.<\/p>\n<p style=\"text-align: justify;\">Dans une allocution \u00e0 cette occasion, Mohamed Berrada, membre du bureau f\u00e9d\u00e9ral de la FMEJ, a soulign\u00e9 qu\u2019il s\u2019agit d\u2019un hommage \u00e0 une grande figure du savoir et une v\u00e9ritable r\u00e9f\u00e9rence pour les chercheurs marocains.<\/p>\n<p style=\"text-align: justify;\">Il a aussi relev\u00e9 la participation de M. Benhamza \u00e0 l\u2019enrichissement du d\u00e9bat autour des diff\u00e9rentes questions d\u2019actualit\u00e9, notant que cet hommage c\u00e9l\u00e8bre un parcours r\u00e9ussi, fond\u00e9 sur la pers\u00e9v\u00e9rance, le nationalisme et la sinc\u00e9rit\u00e9.<\/p>\n<p style=\"text-align: justify;\">M. Berrada a exprim\u00e9 sa fiert\u00e9 de conna\u00eetre personnellement M. Benhamza, une personnalit\u00e9 au savoir \u00abencyclop\u00e9dique\u00bb et qui est connue pour sa bont\u00e9 et ses prises de positions justes sur les plans religieux, soci\u00e9tal et scientifique.<\/p>\n<p style=\"text-align: justify;\">De son c\u00f4t\u00e9, le pr\u00e9sident de la section de la FMEJ dans la r\u00e9gion de l\u2019Oriental, Mohamed El Herd, a indiqu\u00e9 que cet hommage est un signe de reconnaissance \u00e0 un long parcours de savoir et d\u2019action humanitaire de M. Benhamza dans la ville d\u2019Oujda et ailleurs, exprimant ses remerciements \u00e0 tous ceux qui ont contribu\u00e9 au succ\u00e8s de cette initiative.<\/p>\n<p style=\"text-align: justify;\">Cet hommage est organis\u00e9 \u00e0 l\u2019occasion de la tenue, vendredi au CERHSO, d\u2019une conf\u00e9rence nationale sous le th\u00e8me \u00abLa place des m\u00e9dias dans le Nouveau mod\u00e8le de d\u00e9veloppement\u00bb, ainsi que de la c\u00e9r\u00e9monie de signature de l\u2019ouvrage \u00abFigures de la presse marocaine\u00bb de l\u2019\u00e9crivain et homme des m\u00e9dias Driss Ajbali, a-t-il rappel\u00e9.<\/p>\n<p style=\"text-align: justify;\">Pour sa part, le pr\u00e9sident du CERHSO, Samir Boudinar, a mis en exergue la port\u00e9e symbolique de cet hommage et la relation \u00e9troite du Centre avec les m\u00e9dias et ses questions, sachant que le CERHSO a publi\u00e9 plusieurs recherches dans le domaine m\u00e9diatique et a \u00e9t\u00e9 \u00e0 l\u2019origine de l\u2019id\u00e9e du projet du centre r\u00e9gional de formation et d\u2019accueil des journalistes \u00e0 Oujda.<\/p>\n<p style=\"text-align: justify;\">De m\u00eame, l\u2019hommage rendu par la FMEJ \u00e0 M. Benhamza au sein du CERSHO refl\u00e8te la particularit\u00e9 marocaine dans la relation entre les oul\u00e9mas, d\u2019une part, et la presse et les m\u00e9dias, d\u2019autre part, a-t-il estim\u00e9.<\/p>\n<p style=\"text-align: justify;\">\u00abL\u2019exp\u00e9rience marocaine montre que les oul\u00e9mas ont eu une relation sp\u00e9ciale avec les m\u00e9dias et m\u00eame un r\u00f4le pionnier dans la cr\u00e9ation d\u2019entreprises de presse\u00bb, a affirm\u00e9 M. Boudinar, relevant que cet hommage est une occasion pour saluer cette sp\u00e9cificit\u00e9, d\u2019autant plus que M. Benhamza croit profond\u00e9ment en le secteur m\u00e9diatique et la noblesse de son message, et ne cesse d\u2019apporter son soutien aux journalistes, \u00e9crivains et hommes des m\u00e9dias.<\/p>\n<p style=\"text-align: justify;\">Intervenant \u00e0 cette occasion, M. Benhamza a exprim\u00e9 ses remerciements aux organisateurs, mettant l\u2019accent sur l\u2019importance du r\u00f4le de la presse et des m\u00e9dias au service du d\u00e9veloppement des nations.<\/p>\n<p style=\"text-align: justify;\">Il a, dans ce sens, appel\u00e9 le secteur \u00e0 r\u00e9cup\u00e9rer ce r\u00f4le et \u00e0 se laisser guider par les valeurs de l\u2019\u00e9thique et de la citoyennet\u00e9, tout en d\u00e9fendant l\u2019identit\u00e9 civilisationnelle et religieuse.<\/p>\n<p style=\"text-align: justify;\">Cette c\u00e9r\u00e9monie a \u00e9t\u00e9 marqu\u00e9e par la signature d\u2019une convention de partenariat entre le CERHSO et la FMEJ-Section de l\u2019Oriental, ayant pour objectif de d\u00e9velopper la recherche scientifique et d\u2019\u00e9changer les exp\u00e9riences et les expertises entre les deux parties.<\/p>\n<p style=\"text-align: justify;\">Il s\u2019agit de mutualiser les exp\u00e9riences en mati\u00e8re d\u2019encadrement et de formation, r\u00e9aliser des recherches dans les domaines journalistique et scientifique, coop\u00e9rer pour l\u2019organisation d\u2019activit\u00e9s et d\u2019\u00e9tudes et \u00e9changer les parutions et publications entre les deux entit\u00e9s.<\/p>\n<p style=\"text-align: justify;\">Ce partenariat vise \u00e9galement \u00e0 collaborer pour l\u2019accompagnement et la r\u00e9ussite d\u2019\u00e9v\u00e8nements, forums et colloques organis\u00e9s par le CERHSO, associer ce centre aux activit\u00e9s et \u00e9v\u00e8nements initi\u00e9s par la FMEJ, \u00e9changer les exp\u00e9riences et les connaissances dans le domaine du journalisme et des m\u00e9dias et organiser des sessions de formation en mati\u00e8re de communication et de journalisme au profit des cadres du CERHSO.<\/p>\n<\/div>\n<p>L\u2019article <a rel=\"nofollow\" href=\"http:\/\/www.mapoujda.ma\/fr\/la-fmej-rend-hommage-a-mustapha-benhamza\/\">La FMEJ rend hommage \u00e0 Mustapha Benhamza<\/a> est apparu en premier sur <a rel=\"nofollow\" href=\"http:\/\/www.mapoujda.ma\/fr\">MapOujda<\/a>.<\/p>\n<\/div>\n<p>Auteur: Soufiane ELAHMAR<br \/>\n<a href=\"http:\/\/www.mapoujda.ma\/fr\/la-fmej-rend-hommage-a-mustapha-benhamza\/\">Cliquez ici pour lire l&rsquo;article depuis sa source.<\/a><\/p>\n","protected":false},"excerpt":{"rendered":"<p>La F\u00e9d\u00e9ration marocaine des \u00e9diteurs de journaux (FMEJ) a organis\u00e9, vendredi au Centre d\u2019\u00e9tudes et de recherches humaines et sociales d\u2019Oujda (CERHSO), une c\u00e9r\u00e9monie en hommage \u00e0 l\u2019\u00e9rudit Dr Mustapha Benhamza, pr\u00e9sident du Conseil local des oul\u00e9mas d\u2019Oujda. Cette c\u00e9r\u00e9monie, tenue en pr\u00e9sence notamment du Directeur g\u00e9n\u00e9ral de la MAP, Khalil Hachimi Idrissi, du directeur [&hellip;]<\/p>\n","protected":false},"author":1788,"featured_media":0,"comment_status":"closed","ping_status":"closed","sticky":false,"template":"","format":"standard","meta":{"fifu_image_url":"http:\/\/www.mapoujda.ma\/map\/uploads\/2021\/11\/Le-penseur-Mustapha-Benhamza-750\u00d7430-MAP.jpg","fifu_image_alt":"La FMEJ rend hommage \u00e0 Mustapha Benhamza","footnotes":""},"categories":[54,76],"tags":[],"class_list":["post-132032","post","type-post","status-publish","format-standard","hentry","category-maroc","category-regions"],"_links":{"self":[{"href":"https:\/\/linitiative.ca\/International\/wp-json\/wp\/v2\/posts\/132032","targetHints":{"allow":["GET"]}}],"collection":[{"href":"https:\/\/linitiative.ca\/International\/wp-json\/wp\/v2\/posts"}],"about":[{"href":"https:\/\/linitiative.ca\/International\/wp-json\/wp\/v2\/types\/post"}],"author":[{"embeddable":true,"href":"https:\/\/linitiative.ca\/International\/wp-json\/wp\/v2\/users\/1788"}],"replies":[{"embeddable":true,"href":"https:\/\/linitiative.ca\/International\/wp-json\/wp\/v2\/comments?post=132032"}],"version-history":[{"count":0,"href":"https:\/\/linitiative.ca\/International\/wp-json\/wp\/v2\/posts\/132032\/revisions"}],"wp:attachment":[{"href":"https:\/\/linitiative.ca\/International\/wp-json\/wp\/v2\/media?parent=132032"}],"wp:term":[{"taxonomy":"category","embeddable":true,"href":"https:\/\/linitiative.ca\/International\/wp-json\/wp\/v2\/categories?post=132032"},{"taxonomy":"post_tag","embeddable":true,"href":"https:\/\/linitiative.ca\/International\/wp-json\/wp\/v2\/tags?post=132032"}],"curies":[{"name":"wp","href":"https:\/\/api.w.org\/{rel}","templated":true}]}}