{"id":132035,"date":"2021-11-05T09:35:43","date_gmt":"2021-11-05T13:35:43","guid":{"rendered":"https:\/\/linitiative.ca\/International\/asmex-sentissi-el-idrissi-reconduit-a-la-presidence\/"},"modified":"2021-11-05T09:35:43","modified_gmt":"2021-11-05T13:35:43","slug":"asmex-sentissi-el-idrissi-reconduit-a-la-presidence","status":"publish","type":"post","link":"https:\/\/linitiative.ca\/International\/asmex-sentissi-el-idrissi-reconduit-a-la-presidence\/","title":{"rendered":"ASMEX: Sentissi El Idrissi reconduit \u00e0 la pr\u00e9sidence"},"content":{"rendered":"<div>\n<div class=\"field field-name-body field-type-text-with-summary field-label-hidden\">\n<div class=\"field-items\">\n<div class=\"field-item even\" property=\"content:encoded\">\n<p class=\"rtejustify\">L&rsquo;Assembl\u00e9e g\u00e9n\u00e9rale ordinaire (AGO) de l&rsquo;Association marocaine des exportateurs (ASMEX),\u00a0a renouvel\u00e9 \u00e0 l&rsquo;unanimit\u00e9, en application de l&rsquo;article 16 des Statuts de l&rsquo;Association, le mandat du Pr\u00e9sident sortant, Hassan Sentissi El Idrissi, pour une p\u00e9riode de 5 ans.<\/p>\n<p class=\"rtejustify\">Cette assembl\u00e9e a aussi approuv\u00e9, \u00e0 l&rsquo;unanimit\u00e9, le rapport moral au titre de l&rsquo;exercice 2020 et de la p\u00e9riode allant du 1er janvier au 31 octobre 2021, indique l&rsquo;ASMEX.<\/p>\n<\/div>\n<\/div>\n<\/div>\n<\/div>\n<p>Auteur: mbasraoui<br \/>\n<a href=\"https:\/\/www.leconomiste.com\/flash-infos\/asmex-sentissi-el-idrissi-reconduit-la-presidence\">Cliquez ici pour lire l&rsquo;article depuis sa source.<\/a><\/p>\n","protected":false},"excerpt":{"rendered":"<p>L&rsquo;Assembl\u00e9e g\u00e9n\u00e9rale ordinaire (AGO) de l&rsquo;Association marocaine des exportateurs (ASMEX),\u00a0a renouvel\u00e9 \u00e0 l&rsquo;unanimit\u00e9, en application de l&rsquo;article 16 des Statuts de l&rsquo;Association, le mandat du Pr\u00e9sident sortant, Hassan Sentissi El Idrissi, pour une p\u00e9riode de 5 ans. Cette assembl\u00e9e a aussi approuv\u00e9, \u00e0 l&rsquo;unanimit\u00e9, le rapport moral au titre de l&rsquo;exercice 2020 et de la [&hellip;]<\/p>\n","protected":false},"author":1763,"featured_media":0,"comment_status":"closed","ping_status":"closed","sticky":false,"template":"","format":"standard","meta":{"fifu_image_url":"","fifu_image_alt":"","footnotes":""},"categories":[78,54],"tags":[],"class_list":["post-132035","post","type-post","status-publish","format-standard","hentry","category-economie","category-maroc"],"_links":{"self":[{"href":"https:\/\/linitiative.ca\/International\/wp-json\/wp\/v2\/posts\/132035","targetHints":{"allow":["GET"]}}],"collection":[{"href":"https:\/\/linitiative.ca\/International\/wp-json\/wp\/v2\/posts"}],"about":[{"href":"https:\/\/linitiative.ca\/International\/wp-json\/wp\/v2\/types\/post"}],"author":[{"embeddable":true,"href":"https:\/\/linitiative.ca\/International\/wp-json\/wp\/v2\/users\/1763"}],"replies":[{"embeddable":true,"href":"https:\/\/linitiative.ca\/International\/wp-json\/wp\/v2\/comments?post=132035"}],"version-history":[{"count":0,"href":"https:\/\/linitiative.ca\/International\/wp-json\/wp\/v2\/posts\/132035\/revisions"}],"wp:attachment":[{"href":"https:\/\/linitiative.ca\/International\/wp-json\/wp\/v2\/media?parent=132035"}],"wp:term":[{"taxonomy":"category","embeddable":true,"href":"https:\/\/linitiative.ca\/International\/wp-json\/wp\/v2\/categories?post=132035"},{"taxonomy":"post_tag","embeddable":true,"href":"https:\/\/linitiative.ca\/International\/wp-json\/wp\/v2\/tags?post=132035"}],"curies":[{"name":"wp","href":"https:\/\/api.w.org\/{rel}","templated":true}]}}