{"id":13204,"date":"2019-02-12T08:30:00","date_gmt":"2019-02-12T13:30:00","guid":{"rendered":"https:\/\/linitiative.ca\/International\/el-tarf-saisie-de-4-726-comprimes-de-psychotropes-au-poste-frontalier-doum-tboul\/"},"modified":"2019-02-12T08:30:00","modified_gmt":"2019-02-12T13:30:00","slug":"el-tarf-saisie-de-4-726-comprimes-de-psychotropes-au-poste-frontalier-doum-tboul","status":"publish","type":"post","link":"https:\/\/linitiative.ca\/International\/el-tarf-saisie-de-4-726-comprimes-de-psychotropes-au-poste-frontalier-doum-tboul\/","title":{"rendered":"El Tarf: saisie de 4 726 comprim\u00e9s de psychotropes au poste frontalier d\u2019Oum T\u2019boul"},"content":{"rendered":"<div>\n<div class=\"K2FeedImage\"><img decoding=\"async\" src=\"http:\/\/www.aps.dz\/media\/k2\/items\/cache\/ad61cd84251deddaeb7debd38b689357_S.jpg\" alt=\"El Tarf: saisie de 4 726 comprim\u00e9s de psychotropes au poste frontalier d\u2019Oum T\u2019boul\"><\/div>\n<div class=\"K2FeedIntroText\">\n<p><strong>EL TARF &#8211; Une quantit\u00e9 de 4.726 comprim\u00e9s psychotropes a \u00e9t\u00e9 saisie au niveau du poste frontalier d&rsquo;Oum T\u2019\u00e9boul dans la wilaya d\u2019El Tarf, lors d\u2019un contr\u00f4le de routine des douaniers de l\u2019inspection principale des voyageurs, a-t-on appris, mardi, de la charg\u00e9e de communication \u00e0 la Direction r\u00e9gionale des Douanes alg\u00e9riennes, implant\u00e9e \u00e0 Annaba.<\/strong><\/p>\n<\/div>\n<div class=\"K2FeedFullText\">\n<p>L\u2019op\u00e9ration a \u00e9t\u00e9 effectu\u00e9e dimanche soir lorsqu\u2019un voyageur a tent\u00e9 d\u2019introduire cette quantit\u00e9 de produits hallucinog\u00e8nes, en Alg\u00e9rie via ce poste frontalier, a affirm\u00e9 Asma Belkhiri, pr\u00e9cisant que la marchandise a \u00e9t\u00e9 d\u00e9couverte minutieusement dissimul\u00e9e dans diff\u00e9rentes parties d\u2019un v\u00e9hicule, o\u00f9 des cachettes ont \u00e9t\u00e9 sp\u00e9cialement am\u00e9nag\u00e9es.<\/p>\n<p>La m\u00eame responsable a, dans ce contexte, rappel\u00e9 la multiplication des op\u00e9rations de contr\u00f4le des voyageurs et des fouilles en vue de mettre en \u00e9chec toute tentative visant \u00e0 porter atteinte \u00e0 l&rsquo;\u00e9conomie nationale ou \u00e0 la sant\u00e9 publique.<\/p>\n<\/div>\n<\/div>\n<p><a href=\"http:\/\/www.aps.dz\/regions\/85440-el-tarf-saisie-de-4-726-comprimes-de-psychotropes-au-poste-frontalier-d-oum-t-boul\">Cliquez ici pour lire l&rsquo;article depuis sa source.<\/a><br \/>\n<img decoding=\"async\" class=\"wpe_imgrss\" src=\"http:\/\/www.aps.dz\/media\/k2\/items\/cache\/ad61cd84251deddaeb7debd38b689357_S.jpg\"><br \/>\nhttp:\/\/www.aps.dz\/<br \/>\nhttp:\/\/www.aps.dz\/images\/logo-aps.png<\/p>\n","protected":false},"excerpt":{"rendered":"<p>EL TARF &#8211; Une quantit\u00e9 de 4.726 comprim\u00e9s psychotropes a \u00e9t\u00e9 saisie au niveau du poste frontalier d&rsquo;Oum T\u2019\u00e9boul dans la wilaya d\u2019El Tarf, lors d\u2019un contr\u00f4le de routine des douaniers de l\u2019inspection principale des voyageurs, a-t-on appris, mardi, de la charg\u00e9e de communication \u00e0 la Direction r\u00e9gionale des Douanes alg\u00e9riennes, implant\u00e9e \u00e0 Annaba. L\u2019op\u00e9ration [&hellip;]<\/p>\n","protected":false},"author":1790,"featured_media":13205,"comment_status":"closed","ping_status":"closed","sticky":false,"template":"","format":"standard","meta":{"fifu_image_url":"","fifu_image_alt":"","footnotes":""},"categories":[53,76],"tags":[],"class_list":["post-13204","post","type-post","status-publish","format-standard","has-post-thumbnail","hentry","category-algerie","category-regions"],"_links":{"self":[{"href":"https:\/\/linitiative.ca\/International\/wp-json\/wp\/v2\/posts\/13204","targetHints":{"allow":["GET"]}}],"collection":[{"href":"https:\/\/linitiative.ca\/International\/wp-json\/wp\/v2\/posts"}],"about":[{"href":"https:\/\/linitiative.ca\/International\/wp-json\/wp\/v2\/types\/post"}],"author":[{"embeddable":true,"href":"https:\/\/linitiative.ca\/International\/wp-json\/wp\/v2\/users\/1790"}],"replies":[{"embeddable":true,"href":"https:\/\/linitiative.ca\/International\/wp-json\/wp\/v2\/comments?post=13204"}],"version-history":[{"count":0,"href":"https:\/\/linitiative.ca\/International\/wp-json\/wp\/v2\/posts\/13204\/revisions"}],"wp:featuredmedia":[{"embeddable":true,"href":"https:\/\/linitiative.ca\/International\/wp-json\/"}],"wp:attachment":[{"href":"https:\/\/linitiative.ca\/International\/wp-json\/wp\/v2\/media?parent=13204"}],"wp:term":[{"taxonomy":"category","embeddable":true,"href":"https:\/\/linitiative.ca\/International\/wp-json\/wp\/v2\/categories?post=13204"},{"taxonomy":"post_tag","embeddable":true,"href":"https:\/\/linitiative.ca\/International\/wp-json\/wp\/v2\/tags?post=13204"}],"curies":[{"name":"wp","href":"https:\/\/api.w.org\/{rel}","templated":true}]}}