{"id":132041,"date":"2021-11-05T09:31:00","date_gmt":"2021-11-05T13:31:00","guid":{"rendered":"https:\/\/linitiative.ca\/International\/fc-barcelone-xavi-va-signer-au-barca-officiel\/"},"modified":"2021-11-05T09:31:00","modified_gmt":"2021-11-05T13:31:00","slug":"fc-barcelone-xavi-va-signer-au-barca-officiel","status":"publish","type":"post","link":"https:\/\/linitiative.ca\/International\/fc-barcelone-xavi-va-signer-au-barca-officiel\/","title":{"rendered":"FC Barcelone: Xavi va signer au Bar\u00e7a ! (officiel)"},"content":{"rendered":"<div>Nous avons accept\u00e9 le transfert de Xavi \u00e0 Barcelone apr\u00e8s le paiement de la clause de p\u00e9nalit\u00e9 stipul\u00e9e dans son contrat&#8230;<img loading=\"lazy\" decoding=\"async\" src=\"http:\/\/feeds.feedburner.com\/~r\/GalerieFArtciles\/~4\/MGc10lZthEM\" height=\"1\" width=\"1\" alt=\"\"><\/div>\n<p>Auteur:<br \/>\n<a href=\"http:\/\/www.lebuteur.com\/article\/detail?titre=fc-barcelone-xavi-va-signer-au-barca-officiel&#038;id=101487&#038;utm_source=feedburner&#038;utm_medium=feed&#038;utm_campaign=Feed%3A+GalerieFArtciles+%28Les+derniers+articles++-+lebuteur.com%29\">Cliquez ici pour lire l&rsquo;article depuis sa source.<\/a><\/p>\n","protected":false},"excerpt":{"rendered":"<p>Nous avons accept\u00e9 le transfert de Xavi \u00e0 Barcelone apr\u00e8s le paiement de la clause de p\u00e9nalit\u00e9 stipul\u00e9e dans son contrat&#8230; Auteur: Cliquez ici pour lire l&rsquo;article depuis sa source.<\/p>\n","protected":false},"author":1738,"featured_media":0,"comment_status":"closed","ping_status":"closed","sticky":false,"template":"","format":"standard","meta":{"fifu_image_url":"http:\/\/feeds.feedburner.com\/~r\/GalerieFArtciles\/~4\/MGc10lZthEM","fifu_image_alt":"FC Barcelone: Xavi va signer au Bar\u00e7a ! (officiel)","footnotes":""},"categories":[53,75],"tags":[],"class_list":["post-132041","post","type-post","status-publish","format-standard","hentry","category-algerie","category-sport"],"_links":{"self":[{"href":"https:\/\/linitiative.ca\/International\/wp-json\/wp\/v2\/posts\/132041","targetHints":{"allow":["GET"]}}],"collection":[{"href":"https:\/\/linitiative.ca\/International\/wp-json\/wp\/v2\/posts"}],"about":[{"href":"https:\/\/linitiative.ca\/International\/wp-json\/wp\/v2\/types\/post"}],"author":[{"embeddable":true,"href":"https:\/\/linitiative.ca\/International\/wp-json\/wp\/v2\/users\/1738"}],"replies":[{"embeddable":true,"href":"https:\/\/linitiative.ca\/International\/wp-json\/wp\/v2\/comments?post=132041"}],"version-history":[{"count":0,"href":"https:\/\/linitiative.ca\/International\/wp-json\/wp\/v2\/posts\/132041\/revisions"}],"wp:attachment":[{"href":"https:\/\/linitiative.ca\/International\/wp-json\/wp\/v2\/media?parent=132041"}],"wp:term":[{"taxonomy":"category","embeddable":true,"href":"https:\/\/linitiative.ca\/International\/wp-json\/wp\/v2\/categories?post=132041"},{"taxonomy":"post_tag","embeddable":true,"href":"https:\/\/linitiative.ca\/International\/wp-json\/wp\/v2\/tags?post=132041"}],"curies":[{"name":"wp","href":"https:\/\/api.w.org\/{rel}","templated":true}]}}